{"id":23303,"date":"2021-11-04T22:31:00","date_gmt":"2021-11-04T22:31:00","guid":{"rendered":"https:\/\/blogdorogeriogomes.com.br\/?p=23303"},"modified":"2021-11-05T08:28:11","modified_gmt":"2021-11-05T08:28:11","slug":"governo-do-ceara-anuncia-a-construcao-de-mais-80-centros-de-educacao-infantil-na-capital-e-no-interior","status":"publish","type":"post","link":"https:\/\/blogdorogeriogomes.com.br\/noticias\/2021\/11\/governo-do-ceara-anuncia-a-construcao-de-mais-80-centros-de-educacao-infantil-na-capital-e-no-interior\/","title":{"rendered":"Governo do Cear\u00e1 anuncia a constru\u00e7\u00e3o de mais 80 centros de educa\u00e7\u00e3o infantil na Capital e no interior"},"content":{"rendered":"\n<p>O Governo do Cear\u00e1 anunciou, nesta quinta-feira, dia 4 de novembro, novos 80 Centros de Educa\u00e7\u00e3o Infantil (CEIs). As unidades ser\u00e3o constru\u00eddas em 75 munic\u00edpios, sendo seis na Capital e o restante em cidades do interior. Com essa amplia\u00e7\u00e3o, o Estado universaliza o atendimento ofertado \u00e0 educa\u00e7\u00e3o infantil, chegando a 254 CEIs at\u00e9 o fim de 2022. <\/p>\n\n\n\n<p>O governador Camilo Santana participou do evento ao lado da vice-governadora Izolda Cela, da primeira-dama On\u00e9lia Santana e da secret\u00e1ria da Educa\u00e7\u00e3o, Eliana Estrela.<\/p>\n\n\n\n<p>Com essa amplia\u00e7\u00e3o, o Cear\u00e1 vai finalizar 2022 com um Centro de Educa\u00e7\u00e3o Infantil em cada uma das suas 184 cidades.<\/p>\n\n\n\n<figure class=\"wp-block-image size-large\"><img loading=\"lazy\" decoding=\"async\" width=\"1024\" height=\"683\" src=\"https:\/\/blogdorogeriogomes.com.br\/wp-content\/uploads\/2021\/11\/ARI5336-1200x800-1-1024x683.jpeg\" alt=\"\" class=\"wp-image-23304\" srcset=\"https:\/\/blogdorogeriogomes.com.br\/noticias\/wp-content\/uploads\/2021\/11\/ARI5336-1200x800-1-1024x683.jpeg 1024w, https:\/\/blogdorogeriogomes.com.br\/noticias\/wp-content\/uploads\/2021\/11\/ARI5336-1200x800-1-300x200.jpeg 300w, https:\/\/blogdorogeriogomes.com.br\/noticias\/wp-content\/uploads\/2021\/11\/ARI5336-1200x800-1-768x512.jpeg 768w, https:\/\/blogdorogeriogomes.com.br\/noticias\/wp-content\/uploads\/2021\/11\/ARI5336-1200x800-1-800x533.jpeg 800w, https:\/\/blogdorogeriogomes.com.br\/noticias\/wp-content\/uploads\/2021\/11\/ARI5336-1200x800-1.jpeg 1200w\" sizes=\"auto, (max-width: 1024px) 100vw, 1024px\" \/><\/figure>\n","protected":false},"excerpt":{"rendered":"<p>O Governo do Cear\u00e1 anunciou, nesta quinta-feira, dia 4 de novembro, novos 80 Centros de Educa\u00e7\u00e3o Infantil (CEIs). As unidades ser\u00e3o constru\u00eddas em 75 munic\u00edpios, sendo seis na Capital e o restante em cidades do interior. Com essa amplia\u00e7\u00e3o, o Estado universaliza o atendimento ofertado \u00e0 educa\u00e7\u00e3o infantil, chegando a 254 CEIs at\u00e9 o fim de 2022. O governador Camilo Santana participou do evento ao lado da vice-governadora Izolda Cela, da primeira-dama On\u00e9lia Santana e da secret\u00e1ria da Educa\u00e7\u00e3o,&hellip;<\/p>\n","protected":false},"author":1,"featured_media":23304,"comment_status":"open","ping_status":"open","sticky":false,"template":"","format":"standard","meta":{"footnotes":""},"categories":[1],"tags":[],"class_list":["post-23303","post","type-post","status-publish","format-standard","has-post-thumbnail","hentry","category-noticias"],"_links":{"self":[{"href":"https:\/\/blogdorogeriogomes.com.br\/noticias\/wp-json\/wp\/v2\/posts\/23303","targetHints":{"allow":["GET"]}}],"collection":[{"href":"https:\/\/blogdorogeriogomes.com.br\/noticias\/wp-json\/wp\/v2\/posts"}],"about":[{"href":"https:\/\/blogdorogeriogomes.com.br\/noticias\/wp-json\/wp\/v2\/types\/post"}],"author":[{"embeddable":true,"href":"https:\/\/blogdorogeriogomes.com.br\/noticias\/wp-json\/wp\/v2\/users\/1"}],"replies":[{"embeddable":true,"href":"https:\/\/blogdorogeriogomes.com.br\/noticias\/wp-json\/wp\/v2\/comments?post=23303"}],"version-history":[{"count":1,"href":"https:\/\/blogdorogeriogomes.com.br\/noticias\/wp-json\/wp\/v2\/posts\/23303\/revisions"}],"predecessor-version":[{"id":23305,"href":"https:\/\/blogdorogeriogomes.com.br\/noticias\/wp-json\/wp\/v2\/posts\/23303\/revisions\/23305"}],"wp:featuredmedia":[{"embeddable":true,"href":"https:\/\/blogdorogeriogomes.com.br\/noticias\/wp-json\/wp\/v2\/media\/23304"}],"wp:attachment":[{"href":"https:\/\/blogdorogeriogomes.com.br\/noticias\/wp-json\/wp\/v2\/media?parent=23303"}],"wp:term":[{"taxonomy":"category","embeddable":true,"href":"https:\/\/blogdorogeriogomes.com.br\/noticias\/wp-json\/wp\/v2\/categories?post=23303"},{"taxonomy":"post_tag","embeddable":true,"href":"https:\/\/blogdorogeriogomes.com.br\/noticias\/wp-json\/wp\/v2\/tags?post=23303"}],"curies":[{"name":"wp","href":"https:\/\/api.w.org\/{rel}","templated":true}]}}