{"id":23310,"date":"2021-11-05T11:11:22","date_gmt":"2021-11-05T11:11:22","guid":{"rendered":"https:\/\/blogdorogeriogomes.com.br\/?p=23310"},"modified":"2021-11-08T14:54:38","modified_gmt":"2021-11-08T14:54:38","slug":"pre-carnaval-em-fortaleza-vai-depender-de-avanco-na-vacinacao-e-mais-queda-nos-casos-de-covid-diz-secultfor","status":"publish","type":"post","link":"https:\/\/blogdorogeriogomes.com.br\/noticias\/2021\/11\/pre-carnaval-em-fortaleza-vai-depender-de-avanco-na-vacinacao-e-mais-queda-nos-casos-de-covid-diz-secultfor\/","title":{"rendered":"Pr\u00e9 Carnaval em Fortaleza vai depender de avan\u00e7o na vacina\u00e7\u00e3o e mais queda nos casos de Covid, diz Secultfor"},"content":{"rendered":"\n<p>Os casos de Covid-19 no Cear\u00e1 ca\u00edram em torno de 85% no \u00faltimo m\u00eas de outubro. Assim, aumenta a expectativa para a realiza\u00e7\u00e3o dos festejos de R\u00e9veillon e tamb\u00e9m do Pr\u00e9 Carnaval 2022. A Secretaria de Cultura de Fortaleza estuda possibilidades, por\u00e9m a determina\u00e7\u00e3o do prefeito Jos\u00e9 Sarto \u00e9 condicionar qualquer evento a continuidade na redu\u00e7\u00e3o do n\u00famero de casos da doen\u00e7a e avan\u00e7o da vacina\u00e7\u00e3o contra o coronav\u00edrus.<\/p>\n\n\n\n<p>Pelo atual decreto autorizado pelo Governo Estadual, a partir de 16 de dezembro, os eventos em locais abertos poder\u00e3o receber at\u00e9 cinco mil pessoas. Isso j\u00e1 garante a realiza\u00e7\u00e3o de festas privadas na passagem do ano, seguindo os protocolos sanit\u00e1rios.<\/p>\n\n\n\n<p>Quanto ao Pr\u00e9-Carnaval de Fortaleza, a Secultfor est\u00e1 em fase de planejamento. \u201cEu j\u00e1 autorizei a nossa equipe da Secultfor para come\u00e7ar a elaborar os editais, para que a gente ganhe tempo e, no momento em que o Comit\u00ea decidir, n\u00f3s estaremos prontos para lan\u00e7ar e realizar um grande Pr\u00e9-Carnaval\u201d, ressaltou Elp\u00eddio Nogueira, secret\u00e1rio de Cultura de Fortaleza.<\/p>\n\n\n\n<figure class=\"wp-block-image size-large\"><img loading=\"lazy\" decoding=\"async\" width=\"680\" height=\"451\" src=\"https:\/\/blogdorogeriogomes.com.br\/wp-content\/uploads\/2021\/11\/images-10.jpeg\" alt=\"\" class=\"wp-image-23311\" srcset=\"https:\/\/blogdorogeriogomes.com.br\/noticias\/wp-content\/uploads\/2021\/11\/images-10.jpeg 680w, https:\/\/blogdorogeriogomes.com.br\/noticias\/wp-content\/uploads\/2021\/11\/images-10-300x199.jpeg 300w\" sizes=\"auto, (max-width: 680px) 100vw, 680px\" \/><\/figure>\n","protected":false},"excerpt":{"rendered":"<p>Os casos de Covid-19 no Cear\u00e1 ca\u00edram em torno de 85% no \u00faltimo m\u00eas de outubro. Assim, aumenta a expectativa para a realiza\u00e7\u00e3o dos festejos de R\u00e9veillon e tamb\u00e9m do Pr\u00e9 Carnaval 2022. A Secretaria de Cultura de Fortaleza estuda possibilidades, por\u00e9m a determina\u00e7\u00e3o do prefeito Jos\u00e9 Sarto \u00e9 condicionar qualquer evento a continuidade na redu\u00e7\u00e3o do n\u00famero de casos da doen\u00e7a e avan\u00e7o da vacina\u00e7\u00e3o contra o coronav\u00edrus. Pelo atual decreto autorizado pelo Governo Estadual, a partir de&hellip;<\/p>\n","protected":false},"author":1,"featured_media":23311,"comment_status":"open","ping_status":"open","sticky":false,"template":"","format":"standard","meta":{"footnotes":""},"categories":[1],"tags":[],"class_list":["post-23310","post","type-post","status-publish","format-standard","has-post-thumbnail","hentry","category-noticias"],"_links":{"self":[{"href":"https:\/\/blogdorogeriogomes.com.br\/noticias\/wp-json\/wp\/v2\/posts\/23310","targetHints":{"allow":["GET"]}}],"collection":[{"href":"https:\/\/blogdorogeriogomes.com.br\/noticias\/wp-json\/wp\/v2\/posts"}],"about":[{"href":"https:\/\/blogdorogeriogomes.com.br\/noticias\/wp-json\/wp\/v2\/types\/post"}],"author":[{"embeddable":true,"href":"https:\/\/blogdorogeriogomes.com.br\/noticias\/wp-json\/wp\/v2\/users\/1"}],"replies":[{"embeddable":true,"href":"https:\/\/blogdorogeriogomes.com.br\/noticias\/wp-json\/wp\/v2\/comments?post=23310"}],"version-history":[{"count":1,"href":"https:\/\/blogdorogeriogomes.com.br\/noticias\/wp-json\/wp\/v2\/posts\/23310\/revisions"}],"predecessor-version":[{"id":23312,"href":"https:\/\/blogdorogeriogomes.com.br\/noticias\/wp-json\/wp\/v2\/posts\/23310\/revisions\/23312"}],"wp:featuredmedia":[{"embeddable":true,"href":"https:\/\/blogdorogeriogomes.com.br\/noticias\/wp-json\/wp\/v2\/media\/23311"}],"wp:attachment":[{"href":"https:\/\/blogdorogeriogomes.com.br\/noticias\/wp-json\/wp\/v2\/media?parent=23310"}],"wp:term":[{"taxonomy":"category","embeddable":true,"href":"https:\/\/blogdorogeriogomes.com.br\/noticias\/wp-json\/wp\/v2\/categories?post=23310"},{"taxonomy":"post_tag","embeddable":true,"href":"https:\/\/blogdorogeriogomes.com.br\/noticias\/wp-json\/wp\/v2\/tags?post=23310"}],"curies":[{"name":"wp","href":"https:\/\/api.w.org\/{rel}","templated":true}]}}