{"id":23319,"date":"2021-11-06T10:44:31","date_gmt":"2021-11-06T10:44:31","guid":{"rendered":"https:\/\/blogdorogeriogomes.com.br\/?p=23319"},"modified":"2021-11-08T14:52:54","modified_gmt":"2021-11-08T14:52:54","slug":"prefeitura-de-fortaleza-assina-protocolo-de-integracao-de-guardas-municipais-de-14-cidades-da-rmf","status":"publish","type":"post","link":"https:\/\/blogdorogeriogomes.com.br\/noticias\/2021\/11\/prefeitura-de-fortaleza-assina-protocolo-de-integracao-de-guardas-municipais-de-14-cidades-da-rmf\/","title":{"rendered":"Prefeitura de Fortaleza assina protocolo de integra\u00e7\u00e3o de guardas municipais de 14 cidades da RMF"},"content":{"rendered":"\n<p>A Prefeitura de Fortaleza, por meio da Secretaria Municipal da Seguran\u00e7a Cidad\u00e3, realizou, nesta sexta-feira, dia 5 de novembro, a assinatura do Protocolo de Inten\u00e7\u00f5es entre as Secretarias Municipais e Guardas da Regi\u00e3o Metropolitana. O objetivo \u00e9 integrar a\u00e7\u00f5es de forma\u00e7\u00e3o e atua\u00e7\u00e3o das guardas municipais de Fortaleza, Aquiraz, Cascavel, Eus\u00e9bio, Horizonte, Caucaia, Itaitinga, Maracana\u00fa, Maranguape, Pacatuba, Paracuru, Trairi, S\u00e3o Gon\u00e7alo do Amarante e Paraipaba.<\/p>\n\n\n\n<p>A assinatura do Protocolo de Inten\u00e7\u00f5es possibilita a intera\u00e7\u00e3o interinstitucional entre os munic\u00edpios que integram a Regi\u00e3o Metropolitana de Fortaleza.&nbsp;As institui\u00e7\u00f5es passam a compor parceria para a padroniza\u00e7\u00e3o de capacita\u00e7\u00f5es continuadas, transfer\u00eancia de informa\u00e7\u00f5es, dados e estat\u00edsticas, e investimentos nas estruturas essenciais para o desenvolvimento das atividades como forma de contribuir para a seguran\u00e7a cidad\u00e3 dos munic\u00edpios envolvidos.<\/p>\n\n\n\n<figure class=\"wp-block-image size-large\"><img loading=\"lazy\" decoding=\"async\" width=\"1024\" height=\"679\" src=\"https:\/\/blogdorogeriogomes.com.br\/wp-content\/uploads\/2021\/11\/05-11-2021-Sesec-IMG_52043-1024x679.jpeg\" alt=\"\" class=\"wp-image-23321\" srcset=\"https:\/\/blogdorogeriogomes.com.br\/noticias\/wp-content\/uploads\/2021\/11\/05-11-2021-Sesec-IMG_52043-1024x679.jpeg 1024w, https:\/\/blogdorogeriogomes.com.br\/noticias\/wp-content\/uploads\/2021\/11\/05-11-2021-Sesec-IMG_52043-300x199.jpeg 300w, https:\/\/blogdorogeriogomes.com.br\/noticias\/wp-content\/uploads\/2021\/11\/05-11-2021-Sesec-IMG_52043-768x509.jpeg 768w, https:\/\/blogdorogeriogomes.com.br\/noticias\/wp-content\/uploads\/2021\/11\/05-11-2021-Sesec-IMG_52043-1536x1019.jpeg 1536w, https:\/\/blogdorogeriogomes.com.br\/noticias\/wp-content\/uploads\/2021\/11\/05-11-2021-Sesec-IMG_52043-800x531.jpeg 800w, https:\/\/blogdorogeriogomes.com.br\/noticias\/wp-content\/uploads\/2021\/11\/05-11-2021-Sesec-IMG_52043.jpeg 1891w\" sizes=\"auto, (max-width: 1024px) 100vw, 1024px\" \/><\/figure>\n","protected":false},"excerpt":{"rendered":"<p>A Prefeitura de Fortaleza, por meio da Secretaria Municipal da Seguran\u00e7a Cidad\u00e3, realizou, nesta sexta-feira, dia 5 de novembro, a assinatura do Protocolo de Inten\u00e7\u00f5es entre as Secretarias Municipais e Guardas da Regi\u00e3o Metropolitana. O objetivo \u00e9 integrar a\u00e7\u00f5es de forma\u00e7\u00e3o e atua\u00e7\u00e3o das guardas municipais de Fortaleza, Aquiraz, Cascavel, Eus\u00e9bio, Horizonte, Caucaia, Itaitinga, Maracana\u00fa, Maranguape, Pacatuba, Paracuru, Trairi, S\u00e3o Gon\u00e7alo do Amarante e Paraipaba. A assinatura do Protocolo de Inten\u00e7\u00f5es possibilita a intera\u00e7\u00e3o interinstitucional entre os munic\u00edpios que&hellip;<\/p>\n","protected":false},"author":1,"featured_media":23321,"comment_status":"open","ping_status":"open","sticky":false,"template":"","format":"standard","meta":{"footnotes":""},"categories":[1],"tags":[],"class_list":["post-23319","post","type-post","status-publish","format-standard","has-post-thumbnail","hentry","category-noticias"],"_links":{"self":[{"href":"https:\/\/blogdorogeriogomes.com.br\/noticias\/wp-json\/wp\/v2\/posts\/23319","targetHints":{"allow":["GET"]}}],"collection":[{"href":"https:\/\/blogdorogeriogomes.com.br\/noticias\/wp-json\/wp\/v2\/posts"}],"about":[{"href":"https:\/\/blogdorogeriogomes.com.br\/noticias\/wp-json\/wp\/v2\/types\/post"}],"author":[{"embeddable":true,"href":"https:\/\/blogdorogeriogomes.com.br\/noticias\/wp-json\/wp\/v2\/users\/1"}],"replies":[{"embeddable":true,"href":"https:\/\/blogdorogeriogomes.com.br\/noticias\/wp-json\/wp\/v2\/comments?post=23319"}],"version-history":[{"count":2,"href":"https:\/\/blogdorogeriogomes.com.br\/noticias\/wp-json\/wp\/v2\/posts\/23319\/revisions"}],"predecessor-version":[{"id":23336,"href":"https:\/\/blogdorogeriogomes.com.br\/noticias\/wp-json\/wp\/v2\/posts\/23319\/revisions\/23336"}],"wp:featuredmedia":[{"embeddable":true,"href":"https:\/\/blogdorogeriogomes.com.br\/noticias\/wp-json\/wp\/v2\/media\/23321"}],"wp:attachment":[{"href":"https:\/\/blogdorogeriogomes.com.br\/noticias\/wp-json\/wp\/v2\/media?parent=23319"}],"wp:term":[{"taxonomy":"category","embeddable":true,"href":"https:\/\/blogdorogeriogomes.com.br\/noticias\/wp-json\/wp\/v2\/categories?post=23319"},{"taxonomy":"post_tag","embeddable":true,"href":"https:\/\/blogdorogeriogomes.com.br\/noticias\/wp-json\/wp\/v2\/tags?post=23319"}],"curies":[{"name":"wp","href":"https:\/\/api.w.org\/{rel}","templated":true}]}}