{"id":23327,"date":"2021-11-08T10:19:04","date_gmt":"2021-11-08T10:19:04","guid":{"rendered":"https:\/\/blogdorogeriogomes.com.br\/?p=23327"},"modified":"2021-11-08T14:51:56","modified_gmt":"2021-11-08T14:51:56","slug":"elias-do-sargento-e-o-novo-prefeito-eleito-de-jaguaruana","status":"publish","type":"post","link":"https:\/\/blogdorogeriogomes.com.br\/noticias\/2021\/11\/elias-do-sargento-e-o-novo-prefeito-eleito-de-jaguaruana\/","title":{"rendered":"Elias do Sargento \u00e9 o novo prefeito eleito de Jaguaruana"},"content":{"rendered":"\n<p>O candidato Jos\u00e9 Elias de Oliveira, conhecido com Elias do Sargento, do PCdoB, foi eleito, neste domingo, dia 7 de novembro, como o novo prefeito de Jaguaruana, no interior do Cear\u00e1. Ele recebeu 11.603 votos (51,64% dos votos v\u00e1lidos). O vice-prefeito \u00e9 Reginaldo Ara\u00fajo da Silva (Naldo Quirino). Jaguaruana teve elei\u00e7\u00f5es suplementares porque o Tribunal Regional Eleitoral (TRE) cassou em agosto deste ano o mandato do prefeito Roberto da Vi\u00fava.<\/p>\n\n\n\n<p>A Pol\u00edcia Federal registrou quatro ocorr\u00eancias suspeitas de crime de compra de votos durante as elei\u00e7\u00f5es suplementares realizadas em Jaguaruana. A PF vai instaurar inqu\u00e9ritos policiais para apurar os fatos e os resultados v\u00e3o ser encaminhados \u00e0 Justi\u00e7a Eleitoral.<\/p>\n\n\n\n<figure class=\"wp-block-image size-large\"><img loading=\"lazy\" decoding=\"async\" width=\"984\" height=\"656\" src=\"https:\/\/blogdorogeriogomes.com.br\/wp-content\/uploads\/2021\/11\/whatsapp-image-2021-11-07-at-19.16.29-768x512-1.jpeg\" alt=\"\" class=\"wp-image-23328\" srcset=\"https:\/\/blogdorogeriogomes.com.br\/noticias\/wp-content\/uploads\/2021\/11\/whatsapp-image-2021-11-07-at-19.16.29-768x512-1.jpeg 984w, https:\/\/blogdorogeriogomes.com.br\/noticias\/wp-content\/uploads\/2021\/11\/whatsapp-image-2021-11-07-at-19.16.29-768x512-1-300x200.jpeg 300w, https:\/\/blogdorogeriogomes.com.br\/noticias\/wp-content\/uploads\/2021\/11\/whatsapp-image-2021-11-07-at-19.16.29-768x512-1-768x512.jpeg 768w, https:\/\/blogdorogeriogomes.com.br\/noticias\/wp-content\/uploads\/2021\/11\/whatsapp-image-2021-11-07-at-19.16.29-768x512-1-800x533.jpeg 800w\" sizes=\"auto, (max-width: 984px) 100vw, 984px\" \/><\/figure>\n","protected":false},"excerpt":{"rendered":"<p>O candidato Jos\u00e9 Elias de Oliveira, conhecido com Elias do Sargento, do PCdoB, foi eleito, neste domingo, dia 7 de novembro, como o novo prefeito de Jaguaruana, no interior do Cear\u00e1. Ele recebeu 11.603 votos (51,64% dos votos v\u00e1lidos). O vice-prefeito \u00e9 Reginaldo Ara\u00fajo da Silva (Naldo Quirino). Jaguaruana teve elei\u00e7\u00f5es suplementares porque o Tribunal Regional Eleitoral (TRE) cassou em agosto deste ano o mandato do prefeito Roberto da Vi\u00fava. A Pol\u00edcia Federal registrou quatro ocorr\u00eancias suspeitas de crime&hellip;<\/p>\n","protected":false},"author":1,"featured_media":23328,"comment_status":"open","ping_status":"open","sticky":false,"template":"","format":"standard","meta":{"footnotes":""},"categories":[1],"tags":[],"class_list":["post-23327","post","type-post","status-publish","format-standard","has-post-thumbnail","hentry","category-noticias"],"_links":{"self":[{"href":"https:\/\/blogdorogeriogomes.com.br\/noticias\/wp-json\/wp\/v2\/posts\/23327","targetHints":{"allow":["GET"]}}],"collection":[{"href":"https:\/\/blogdorogeriogomes.com.br\/noticias\/wp-json\/wp\/v2\/posts"}],"about":[{"href":"https:\/\/blogdorogeriogomes.com.br\/noticias\/wp-json\/wp\/v2\/types\/post"}],"author":[{"embeddable":true,"href":"https:\/\/blogdorogeriogomes.com.br\/noticias\/wp-json\/wp\/v2\/users\/1"}],"replies":[{"embeddable":true,"href":"https:\/\/blogdorogeriogomes.com.br\/noticias\/wp-json\/wp\/v2\/comments?post=23327"}],"version-history":[{"count":1,"href":"https:\/\/blogdorogeriogomes.com.br\/noticias\/wp-json\/wp\/v2\/posts\/23327\/revisions"}],"predecessor-version":[{"id":23329,"href":"https:\/\/blogdorogeriogomes.com.br\/noticias\/wp-json\/wp\/v2\/posts\/23327\/revisions\/23329"}],"wp:featuredmedia":[{"embeddable":true,"href":"https:\/\/blogdorogeriogomes.com.br\/noticias\/wp-json\/wp\/v2\/media\/23328"}],"wp:attachment":[{"href":"https:\/\/blogdorogeriogomes.com.br\/noticias\/wp-json\/wp\/v2\/media?parent=23327"}],"wp:term":[{"taxonomy":"category","embeddable":true,"href":"https:\/\/blogdorogeriogomes.com.br\/noticias\/wp-json\/wp\/v2\/categories?post=23327"},{"taxonomy":"post_tag","embeddable":true,"href":"https:\/\/blogdorogeriogomes.com.br\/noticias\/wp-json\/wp\/v2\/tags?post=23327"}],"curies":[{"name":"wp","href":"https:\/\/api.w.org\/{rel}","templated":true}]}}