{"id":23330,"date":"2021-11-08T10:46:54","date_gmt":"2021-11-08T10:46:54","guid":{"rendered":"https:\/\/blogdorogeriogomes.com.br\/?p=23330"},"modified":"2021-11-08T14:51:22","modified_gmt":"2021-11-08T14:51:22","slug":"semana-comeca-com-expectativa-da-votacao-na-camara-do-2-turno-da-pec-dos-precatorios-nesta-terca-feira","status":"publish","type":"post","link":"https:\/\/blogdorogeriogomes.com.br\/noticias\/2021\/11\/semana-comeca-com-expectativa-da-votacao-na-camara-do-2-turno-da-pec-dos-precatorios-nesta-terca-feira\/","title":{"rendered":"Semana come\u00e7a com expectativa da vota\u00e7\u00e3o na C\u00e2mara do 2\u00b0 turno da PEC dos Precat\u00f3rios nesta ter\u00e7a-feira"},"content":{"rendered":"\n<p>A semana come\u00e7a cheia de expectativas em Bras\u00edlia para a vota\u00e7\u00e3o do 2\u00b0 turno da PEC dos Precat\u00f3rios, na C\u00e2mara dos Deputados, prevista para esta ter\u00e7a-feira, dia 9 de novembro. O Governo Federal tenta dar o calote no pagamento dos precat\u00f3rios em 2022 e furar o teto de gastos para conseguir recursos para pagar o novo Aux\u00edlio Brasil. Conseguiu uma vit\u00f3ria apertada por quatro votos na semana passada. Mas a repercuss\u00e3o ruim da medida pode gerar mudan\u00e7as, principalmente com a possibilidade de revers\u00e3o de votos no PDT e PSB.<\/p>\n\n\n\n<p>Para agravar a situa\u00e7\u00e3o do Governo Bolsonaro, a libera\u00e7\u00e3o de cerca de R$ 1 bilh\u00e3o em emendas parlamentares nos dias que antecederam a vota\u00e7\u00e3o do 1\u00b0 turno da PEC dos Precat\u00f3rios foi um fator decisivo para conseguir o resultado. Mas uma decis\u00e3o liminar da ministra do STF, Rosa Weber, suspendeu esse pagamento. Isso pode afetar na nova vota\u00e7\u00e3o desta ter\u00e7a-feira. <\/p>\n\n\n\n<p>Tr\u00eas mandados de seguran\u00e7a que tramitam no STF tamb\u00e9m questionam as regras impostas pelo presidente da C\u00e2mara, Arthur Lira, na vota\u00e7\u00e3o da PEC no 1\u00b0 turno. Se passar na C\u00e2mara em 2\u00b0 turno, a PEC dos Precat\u00f3rios ainda precisa ser aprovada no Senado.<\/p>\n\n\n\n<figure class=\"wp-block-image size-large\"><img loading=\"lazy\" decoding=\"async\" width=\"488\" height=\"275\" src=\"https:\/\/blogdorogeriogomes.com.br\/wp-content\/uploads\/2021\/11\/images-11.jpeg\" alt=\"\" class=\"wp-image-23331\" srcset=\"https:\/\/blogdorogeriogomes.com.br\/noticias\/wp-content\/uploads\/2021\/11\/images-11.jpeg 488w, https:\/\/blogdorogeriogomes.com.br\/noticias\/wp-content\/uploads\/2021\/11\/images-11-300x169.jpeg 300w\" sizes=\"auto, (max-width: 488px) 100vw, 488px\" \/><\/figure>\n","protected":false},"excerpt":{"rendered":"<p>A semana come\u00e7a cheia de expectativas em Bras\u00edlia para a vota\u00e7\u00e3o do 2\u00b0 turno da PEC dos Precat\u00f3rios, na C\u00e2mara dos Deputados, prevista para esta ter\u00e7a-feira, dia 9 de novembro. O Governo Federal tenta dar o calote no pagamento dos precat\u00f3rios em 2022 e furar o teto de gastos para conseguir recursos para pagar o novo Aux\u00edlio Brasil. Conseguiu uma vit\u00f3ria apertada por quatro votos na semana passada. Mas a repercuss\u00e3o ruim da medida pode gerar mudan\u00e7as, principalmente com&hellip;<\/p>\n","protected":false},"author":1,"featured_media":23331,"comment_status":"open","ping_status":"open","sticky":false,"template":"","format":"standard","meta":{"footnotes":""},"categories":[1],"tags":[],"class_list":["post-23330","post","type-post","status-publish","format-standard","has-post-thumbnail","hentry","category-noticias"],"_links":{"self":[{"href":"https:\/\/blogdorogeriogomes.com.br\/noticias\/wp-json\/wp\/v2\/posts\/23330","targetHints":{"allow":["GET"]}}],"collection":[{"href":"https:\/\/blogdorogeriogomes.com.br\/noticias\/wp-json\/wp\/v2\/posts"}],"about":[{"href":"https:\/\/blogdorogeriogomes.com.br\/noticias\/wp-json\/wp\/v2\/types\/post"}],"author":[{"embeddable":true,"href":"https:\/\/blogdorogeriogomes.com.br\/noticias\/wp-json\/wp\/v2\/users\/1"}],"replies":[{"embeddable":true,"href":"https:\/\/blogdorogeriogomes.com.br\/noticias\/wp-json\/wp\/v2\/comments?post=23330"}],"version-history":[{"count":1,"href":"https:\/\/blogdorogeriogomes.com.br\/noticias\/wp-json\/wp\/v2\/posts\/23330\/revisions"}],"predecessor-version":[{"id":23332,"href":"https:\/\/blogdorogeriogomes.com.br\/noticias\/wp-json\/wp\/v2\/posts\/23330\/revisions\/23332"}],"wp:featuredmedia":[{"embeddable":true,"href":"https:\/\/blogdorogeriogomes.com.br\/noticias\/wp-json\/wp\/v2\/media\/23331"}],"wp:attachment":[{"href":"https:\/\/blogdorogeriogomes.com.br\/noticias\/wp-json\/wp\/v2\/media?parent=23330"}],"wp:term":[{"taxonomy":"category","embeddable":true,"href":"https:\/\/blogdorogeriogomes.com.br\/noticias\/wp-json\/wp\/v2\/categories?post=23330"},{"taxonomy":"post_tag","embeddable":true,"href":"https:\/\/blogdorogeriogomes.com.br\/noticias\/wp-json\/wp\/v2\/tags?post=23330"}],"curies":[{"name":"wp","href":"https:\/\/api.w.org\/{rel}","templated":true}]}}