{"id":23333,"date":"2021-11-08T12:08:40","date_gmt":"2021-11-08T12:08:40","guid":{"rendered":"https:\/\/blogdorogeriogomes.com.br\/?p=23333"},"modified":"2021-11-08T14:50:56","modified_gmt":"2021-11-08T14:50:56","slug":"assembleia-legislativa-assina-termo-de-adesao-a-plataforma-que-cria-oportunidades-para-adolescentes-e-jovens-em-situacao-de-vulnerabilidade","status":"publish","type":"post","link":"https:\/\/blogdorogeriogomes.com.br\/noticias\/2021\/11\/assembleia-legislativa-assina-termo-de-adesao-a-plataforma-que-cria-oportunidades-para-adolescentes-e-jovens-em-situacao-de-vulnerabilidade\/","title":{"rendered":"Assembleia Legislativa assina termo de ades\u00e3o \u00e0 plataforma que cria oportunidades para adolescentes e jovens em situa\u00e7\u00e3o de vulnerabilidade"},"content":{"rendered":"\n<p>A Assembleia Legislativa do Estado do Cear\u00e1 ser\u00e1 o primeiro parlamento do Pa\u00eds a assinar termo de ades\u00e3o \u00e0 plataforma Um Milh\u00e3o de Oportunidades, iniciativa que re\u00fane Na\u00e7\u00f5es Unidas, empresas, sociedade civil e governos para gerar um milh\u00e3o de oportunidades de forma\u00e7\u00e3o e acesso ao mundo do trabalho para adolescentes e jovens de 14 a 24 anos em situa\u00e7\u00e3o de vulnerabilidade. A assinatura do termo de ades\u00e3o ocorrer\u00e1 na ter\u00e7a-feira, dia 9 de novembro, no Sal\u00e3o Nobre da Assembleia Legislativa, \u00e0s 14h30min.<\/p>\n\n\n\n<p>A solenidade contar\u00e1 com as presen\u00e7as do presidente da Casa, Evandro Leit\u00e3o (PDT), da representante do Fundo das Na\u00e7\u00f5es Unidas no Brasil para a Inf\u00e2ncia (UNICEF), Florence Bauer, do chefe do Escrit\u00f3rio do UNICEF em Fortaleza, Rui Aguiar, do coordenador do UNICEF para o Semi\u00e1rido Brasileiro, Dennis Larsen, do presidente do Comit\u00ea de Preven\u00e7\u00e3o e Combate \u00e0 Viol\u00eancia da Assembleia, Renato Roseno (PSol), e da primeira-dama do Parlamento Estadual, Cristiane Leit\u00e3o. A ades\u00e3o se dar\u00e1 por meio do Comit\u00ea de Responsabilidade Social da Assembleia Legislativa.<\/p>\n\n\n\n<p>Na ocasi\u00e3o, Florence Bauer apresentar\u00e1 a plataforma Um Milh\u00e3o de Oportunidades aos presentes. A iniciativa parte do princ\u00edpio de que uma oportunidade pode transformar uma vida e uma vida transformada pode mudar uma comunidade. Dessa forma, atingir um milh\u00e3o de jovens pode mudar os rumos de uma gera\u00e7\u00e3o a partir da oferta de oportunidades para adolescentes e jovens, em especial negros e pardos, ind\u00edgenas, moradores de periferias urbanas e \u00e1reas rurais e pessoas com defici\u00eancia.<\/p>\n\n\n\n<p>\u201cTemos apoiado na Assembleia Legislativa diversos programas de Governo que proporcionam oportunidades aos jovens. No entanto, acreditamos que essa prote\u00e7\u00e3o social n\u00e3o pode ficar restrita ao poder p\u00fablico, por isso \u00e9 essencial apoiarmos tamb\u00e9m iniciativas que re\u00fanem institui\u00e7\u00f5es importantes como o UNICEF, o setor privado e a sociedade civil\u201d, afirma o presidente Evandro Leit\u00e3o. \u201cEstamos felizes por ser a primeira Assembleia Legislativa a assinar essa ades\u00e3o, o que significa, na pr\u00e1tica, que este Parlamento est\u00e1 comprometido com a juventude cearense\u201d, complementa.<\/p>\n\n\n\n<p><em>Publica\u00e7\u00e3o impressa<\/em><br>Al\u00e9m da assinatura, ser\u00e1 lan\u00e7ada a vers\u00e3o impressa da publica\u00e7\u00e3o \u201cMeninas no Cear\u00e1: a trajet\u00f3ria de vida e de vulnerabilidades de adolescentes v\u00edtimas de homic\u00eddios\u201d. A publica\u00e7\u00e3o, coordenada pelo Comit\u00ea de Preven\u00e7\u00e3o e Combate \u00e0 Viol\u00eancia da Assembleia, \u00e9 fruto de uma pesquisa quantitativa e qualitativa que conta hist\u00f3ria de 133 meninas, sendo 62 delas v\u00edtimas de homic\u00eddio no Cear\u00e1.<\/p>\n\n\n\n<p>De acordo com o deputado Renato Roseno, as pesquisas do Comit\u00ea t\u00eam orientado a elabora\u00e7\u00e3o de pol\u00edticas p\u00fablicas baseada em evid\u00eancias. \u201cA publica\u00e7\u00e3o impressa desse levantamento com a assinatura do termo de ades\u00e3o \u00e0 plataforma Um Milh\u00e3o de Oportunidades demonstra o compromisso do Parlamento Estadual no combate \u00e0 viol\u00eancia e prote\u00e7\u00e3o da nossa juventude\u201d, avalia o parlamentar.<\/p>\n\n\n\n<p>Ap\u00f3s assinatura do termo de ades\u00e3o e da apresenta\u00e7\u00e3o da publica\u00e7\u00e3o, haver\u00e1 inaugura\u00e7\u00e3o da sede do UNICEF, no quinto andar do Anexo 2 da Casa, espa\u00e7o cedido pela Assembleia Legislativa para o funcionamento da institui\u00e7\u00e3o.<\/p>\n\n\n\n<p><em>Semana Cada Vida Importa<\/em><br>A agenda com o UNICEF comp\u00f5e a programa\u00e7\u00e3o da 4\u00aa edi\u00e7\u00e3o da Semana Cada Vida Importa, estabelecida pela Lei N.\u00ba 16.482 de 19 de dezembro de 2017, que estipula a realiza\u00e7\u00e3o da Semana Estadual de Preven\u00e7\u00e3o aos Homic\u00eddios de Jovens no Cear\u00e1, mobilizada pela Assembleia Legislativa do Cear\u00e1, por meio do Comit\u00ea de Preven\u00e7\u00e3o e Combate \u00e0 Viol\u00eancia. A Semana ocorre pr\u00f3ximo ao dia 12 de novembro, data que marca a Chacina do Curi\u00f3, epis\u00f3dio que vitimou 11 jovens de homic\u00eddio na grande Messejana em 2015.<\/p>\n\n\n\n<figure class=\"wp-block-image size-large\"><img loading=\"lazy\" decoding=\"async\" width=\"678\" height=\"452\" src=\"https:\/\/blogdorogeriogomes.com.br\/wp-content\/uploads\/2021\/11\/images-12.jpeg\" alt=\"\" class=\"wp-image-23334\" srcset=\"https:\/\/blogdorogeriogomes.com.br\/noticias\/wp-content\/uploads\/2021\/11\/images-12.jpeg 678w, https:\/\/blogdorogeriogomes.com.br\/noticias\/wp-content\/uploads\/2021\/11\/images-12-300x200.jpeg 300w\" sizes=\"auto, (max-width: 678px) 100vw, 678px\" \/><\/figure>\n\n\n\n<p><\/p>\n","protected":false},"excerpt":{"rendered":"<p>A Assembleia Legislativa do Estado do Cear\u00e1 ser\u00e1 o primeiro parlamento do Pa\u00eds a assinar termo de ades\u00e3o \u00e0 plataforma Um Milh\u00e3o de Oportunidades, iniciativa que re\u00fane Na\u00e7\u00f5es Unidas, empresas, sociedade civil e governos para gerar um milh\u00e3o de oportunidades de forma\u00e7\u00e3o e acesso ao mundo do trabalho para adolescentes e jovens de 14 a 24 anos em situa\u00e7\u00e3o de vulnerabilidade. A assinatura do termo de ades\u00e3o ocorrer\u00e1 na ter\u00e7a-feira, dia 9 de novembro, no Sal\u00e3o Nobre da Assembleia&hellip;<\/p>\n","protected":false},"author":1,"featured_media":23334,"comment_status":"open","ping_status":"open","sticky":false,"template":"","format":"standard","meta":{"footnotes":""},"categories":[1],"tags":[],"class_list":["post-23333","post","type-post","status-publish","format-standard","has-post-thumbnail","hentry","category-noticias"],"_links":{"self":[{"href":"https:\/\/blogdorogeriogomes.com.br\/noticias\/wp-json\/wp\/v2\/posts\/23333","targetHints":{"allow":["GET"]}}],"collection":[{"href":"https:\/\/blogdorogeriogomes.com.br\/noticias\/wp-json\/wp\/v2\/posts"}],"about":[{"href":"https:\/\/blogdorogeriogomes.com.br\/noticias\/wp-json\/wp\/v2\/types\/post"}],"author":[{"embeddable":true,"href":"https:\/\/blogdorogeriogomes.com.br\/noticias\/wp-json\/wp\/v2\/users\/1"}],"replies":[{"embeddable":true,"href":"https:\/\/blogdorogeriogomes.com.br\/noticias\/wp-json\/wp\/v2\/comments?post=23333"}],"version-history":[{"count":1,"href":"https:\/\/blogdorogeriogomes.com.br\/noticias\/wp-json\/wp\/v2\/posts\/23333\/revisions"}],"predecessor-version":[{"id":23335,"href":"https:\/\/blogdorogeriogomes.com.br\/noticias\/wp-json\/wp\/v2\/posts\/23333\/revisions\/23335"}],"wp:featuredmedia":[{"embeddable":true,"href":"https:\/\/blogdorogeriogomes.com.br\/noticias\/wp-json\/wp\/v2\/media\/23334"}],"wp:attachment":[{"href":"https:\/\/blogdorogeriogomes.com.br\/noticias\/wp-json\/wp\/v2\/media?parent=23333"}],"wp:term":[{"taxonomy":"category","embeddable":true,"href":"https:\/\/blogdorogeriogomes.com.br\/noticias\/wp-json\/wp\/v2\/categories?post=23333"},{"taxonomy":"post_tag","embeddable":true,"href":"https:\/\/blogdorogeriogomes.com.br\/noticias\/wp-json\/wp\/v2\/tags?post=23333"}],"curies":[{"name":"wp","href":"https:\/\/api.w.org\/{rel}","templated":true}]}}