{"id":23341,"date":"2021-11-08T18:39:42","date_gmt":"2021-11-08T18:39:42","guid":{"rendered":"https:\/\/blogdorogeriogomes.com.br\/?p=23341"},"modified":"2021-11-10T16:24:36","modified_gmt":"2021-11-10T16:24:36","slug":"orgao-federal-que-organiza-o-enem-2021-sofre-debandada-de-25-coordenadores-a-menos-de-duas-semanas-das-provas","status":"publish","type":"post","link":"https:\/\/blogdorogeriogomes.com.br\/noticias\/2021\/11\/orgao-federal-que-organiza-o-enem-2021-sofre-debandada-de-25-coordenadores-a-menos-de-duas-semanas-das-provas\/","title":{"rendered":"\u00d3rg\u00e3o federal que realiza o Enem 2021 sofre debandada de 25 coordenadores a menos de duas semanas das provas"},"content":{"rendered":"\n<p>A desorganiza\u00e7\u00e3o t\u00e9cnica do Minist\u00e9rio da Educa\u00e7\u00e3o amea\u00e7a a realiza\u00e7\u00e3o do Enem 2021. A menos de duas semanas do in\u00edcio das provas deste ano, 25 servidores t\u00e9cnicos do&nbsp;Instituto Nacional de Estudos e Pesquisas Educacionais An\u00edsio Teixeira (Inep), \u00f3rg\u00e3o respons\u00e1vel pelo&nbsp;Exame Nacional do Ensino M\u00e9dio (Enem), pediram exonera\u00e7\u00e3o nesta segunda-feira, dia 8 de novembro. As provas ser\u00e3o realizadas nos dias 21 e 28 de novembro. O Enem 2021 tem cerca de 3 milh\u00f5es de estudantes inscritos.<\/p>\n\n\n\n<p>A demiss\u00e3o coletiva dos coordenadores do Inep \u00e9 uma repres\u00e1lia ao atual presidente do \u00f3rg\u00e3o, Danilo Dupas, a quem os servidores apontam total despreparo t\u00e9cnico e administrativo, al\u00e9m de pr\u00e1tica de ass\u00e9dio moral contra servidores.<\/p>\n\n\n\n<p>A Associa\u00e7\u00e3o dos Servidores do Inep diz lamentar &#8220;profundamente&#8221; que o \u00f3rg\u00e3o tenha &#8220;chegado a esse ponto&#8221;. A entidade cobra uma &#8220;atua\u00e7\u00e3o urgente&#8221; do Minist\u00e9rio da Educa\u00e7\u00e3o e do Governo Federal para resolver a situa\u00e7\u00e3o, a fim de que a realiza\u00e7\u00e3o do Enem n\u00e3o seja comprometida.<\/p>\n\n\n\n<figure class=\"wp-block-image size-large\"><img loading=\"lazy\" decoding=\"async\" width=\"984\" height=\"694\" src=\"https:\/\/blogdorogeriogomes.com.br\/wp-content\/uploads\/2021\/11\/whatsapp-image-2021-11-04-at-20.29.00.jpeg\" alt=\"\" class=\"wp-image-23342\" srcset=\"https:\/\/blogdorogeriogomes.com.br\/noticias\/wp-content\/uploads\/2021\/11\/whatsapp-image-2021-11-04-at-20.29.00.jpeg 984w, https:\/\/blogdorogeriogomes.com.br\/noticias\/wp-content\/uploads\/2021\/11\/whatsapp-image-2021-11-04-at-20.29.00-300x212.jpeg 300w, https:\/\/blogdorogeriogomes.com.br\/noticias\/wp-content\/uploads\/2021\/11\/whatsapp-image-2021-11-04-at-20.29.00-768x542.jpeg 768w, https:\/\/blogdorogeriogomes.com.br\/noticias\/wp-content\/uploads\/2021\/11\/whatsapp-image-2021-11-04-at-20.29.00-800x564.jpeg 800w\" sizes=\"auto, (max-width: 984px) 100vw, 984px\" \/><\/figure>\n\n\n\n<p><\/p>\n","protected":false},"excerpt":{"rendered":"<p>A desorganiza\u00e7\u00e3o t\u00e9cnica do Minist\u00e9rio da Educa\u00e7\u00e3o amea\u00e7a a realiza\u00e7\u00e3o do Enem 2021. A menos de duas semanas do in\u00edcio das provas deste ano, 25 servidores t\u00e9cnicos do&nbsp;Instituto Nacional de Estudos e Pesquisas Educacionais An\u00edsio Teixeira (Inep), \u00f3rg\u00e3o respons\u00e1vel pelo&nbsp;Exame Nacional do Ensino M\u00e9dio (Enem), pediram exonera\u00e7\u00e3o nesta segunda-feira, dia 8 de novembro. As provas ser\u00e3o realizadas nos dias 21 e 28 de novembro. O Enem 2021 tem cerca de 3 milh\u00f5es de estudantes inscritos. A demiss\u00e3o coletiva dos&hellip;<\/p>\n","protected":false},"author":1,"featured_media":23342,"comment_status":"open","ping_status":"open","sticky":false,"template":"","format":"standard","meta":{"footnotes":""},"categories":[1],"tags":[],"class_list":["post-23341","post","type-post","status-publish","format-standard","has-post-thumbnail","hentry","category-noticias"],"_links":{"self":[{"href":"https:\/\/blogdorogeriogomes.com.br\/noticias\/wp-json\/wp\/v2\/posts\/23341","targetHints":{"allow":["GET"]}}],"collection":[{"href":"https:\/\/blogdorogeriogomes.com.br\/noticias\/wp-json\/wp\/v2\/posts"}],"about":[{"href":"https:\/\/blogdorogeriogomes.com.br\/noticias\/wp-json\/wp\/v2\/types\/post"}],"author":[{"embeddable":true,"href":"https:\/\/blogdorogeriogomes.com.br\/noticias\/wp-json\/wp\/v2\/users\/1"}],"replies":[{"embeddable":true,"href":"https:\/\/blogdorogeriogomes.com.br\/noticias\/wp-json\/wp\/v2\/comments?post=23341"}],"version-history":[{"count":2,"href":"https:\/\/blogdorogeriogomes.com.br\/noticias\/wp-json\/wp\/v2\/posts\/23341\/revisions"}],"predecessor-version":[{"id":23344,"href":"https:\/\/blogdorogeriogomes.com.br\/noticias\/wp-json\/wp\/v2\/posts\/23341\/revisions\/23344"}],"wp:featuredmedia":[{"embeddable":true,"href":"https:\/\/blogdorogeriogomes.com.br\/noticias\/wp-json\/wp\/v2\/media\/23342"}],"wp:attachment":[{"href":"https:\/\/blogdorogeriogomes.com.br\/noticias\/wp-json\/wp\/v2\/media?parent=23341"}],"wp:term":[{"taxonomy":"category","embeddable":true,"href":"https:\/\/blogdorogeriogomes.com.br\/noticias\/wp-json\/wp\/v2\/categories?post=23341"},{"taxonomy":"post_tag","embeddable":true,"href":"https:\/\/blogdorogeriogomes.com.br\/noticias\/wp-json\/wp\/v2\/tags?post=23341"}],"curies":[{"name":"wp","href":"https:\/\/api.w.org\/{rel}","templated":true}]}}