{"id":23345,"date":"2021-11-08T23:00:53","date_gmt":"2021-11-08T23:00:53","guid":{"rendered":"https:\/\/blogdorogeriogomes.com.br\/?p=23345"},"modified":"2021-11-10T16:23:49","modified_gmt":"2021-11-10T16:23:49","slug":"governo-do-ceara-vai-exigir-passaporte-de-vacina-para-aumentar-circulacao-de-pessoas-em-eventos-sociais","status":"publish","type":"post","link":"https:\/\/blogdorogeriogomes.com.br\/noticias\/2021\/11\/governo-do-ceara-vai-exigir-passaporte-de-vacina-para-aumentar-circulacao-de-pessoas-em-eventos-sociais\/","title":{"rendered":"Governo do Cear\u00e1 vai exigir passaporte de vacina para aumentar circula\u00e7\u00e3o de pessoas em eventos sociais"},"content":{"rendered":"\n<p>Uma reuni\u00e3o entre representantes do setor de eventos e do Governo do Cear\u00e1 nesta segunda-feira, dia 8 de novembro, decidiu que o passaporte de vacina\u00e7\u00e3o contra a Covid-19 vai passar a ser exigido em eventos sociais do Estado como forma de permitir uma maior circula\u00e7\u00e3o de pessoas. A medida vai valer para festas, restaurantes, bares e academias.<\/p>\n\n\n\n<p>Para as festas de fim de ano, no entanto, dever\u00e1 ser mantida a exig\u00eancia do uso de m\u00e1scaras, sendo permitida a retirada na hora de beber ou se alimentar. <\/p>\n\n\n\n<p>Segundo o secret\u00e1rio executivo da Seplag, Fl\u00e1vio Ataliba, o passaporte da vacina funcionar\u00e1 por meio de um aplicativo padronizado interligado \u00e0 plataforma do Conecte SUS, a ser lan\u00e7ado at\u00e9 o fim do ano. \u201cAlgumas medidas restritivas que ainda permanecem podem ser derrubadas nos pr\u00f3ximos decretos com o passaporte\u201d, sugeriu Fl\u00e1vio Ataliba.<\/p>\n\n\n\n<p>A meta do setor de sa\u00fade \u00e9 localizar quem ainda n\u00e3o se vacinou contra o coronav\u00edrus. &#8220;Essas pessoas n\u00e3o podem circular livremente, porque n\u00e3o \u00e9 seguro para elas nem para n\u00f3s&#8221;, disse a secret\u00e1ria-executiva de Vigil\u00e2ncia e Regula\u00e7\u00e3o da Secretaria da Sa\u00fade do Cear\u00e1, Ricristhi Gon\u00e7alves.<\/p>\n\n\n\n<figure class=\"wp-block-image size-large\"><img loading=\"lazy\" decoding=\"async\" width=\"678\" height=\"452\" src=\"https:\/\/blogdorogeriogomes.com.br\/wp-content\/uploads\/2021\/11\/images-13.jpeg\" alt=\"\" class=\"wp-image-23346\" srcset=\"https:\/\/blogdorogeriogomes.com.br\/noticias\/wp-content\/uploads\/2021\/11\/images-13.jpeg 678w, https:\/\/blogdorogeriogomes.com.br\/noticias\/wp-content\/uploads\/2021\/11\/images-13-300x200.jpeg 300w\" sizes=\"auto, (max-width: 678px) 100vw, 678px\" \/><\/figure>\n","protected":false},"excerpt":{"rendered":"<p>Uma reuni\u00e3o entre representantes do setor de eventos e do Governo do Cear\u00e1 nesta segunda-feira, dia 8 de novembro, decidiu que o passaporte de vacina\u00e7\u00e3o contra a Covid-19 vai passar a ser exigido em eventos sociais do Estado como forma de permitir uma maior circula\u00e7\u00e3o de pessoas. A medida vai valer para festas, restaurantes, bares e academias. Para as festas de fim de ano, no entanto, dever\u00e1 ser mantida a exig\u00eancia do uso de m\u00e1scaras, sendo permitida a retirada&hellip;<\/p>\n","protected":false},"author":1,"featured_media":23346,"comment_status":"open","ping_status":"open","sticky":false,"template":"","format":"standard","meta":{"footnotes":""},"categories":[1],"tags":[],"class_list":["post-23345","post","type-post","status-publish","format-standard","has-post-thumbnail","hentry","category-noticias"],"_links":{"self":[{"href":"https:\/\/blogdorogeriogomes.com.br\/noticias\/wp-json\/wp\/v2\/posts\/23345","targetHints":{"allow":["GET"]}}],"collection":[{"href":"https:\/\/blogdorogeriogomes.com.br\/noticias\/wp-json\/wp\/v2\/posts"}],"about":[{"href":"https:\/\/blogdorogeriogomes.com.br\/noticias\/wp-json\/wp\/v2\/types\/post"}],"author":[{"embeddable":true,"href":"https:\/\/blogdorogeriogomes.com.br\/noticias\/wp-json\/wp\/v2\/users\/1"}],"replies":[{"embeddable":true,"href":"https:\/\/blogdorogeriogomes.com.br\/noticias\/wp-json\/wp\/v2\/comments?post=23345"}],"version-history":[{"count":1,"href":"https:\/\/blogdorogeriogomes.com.br\/noticias\/wp-json\/wp\/v2\/posts\/23345\/revisions"}],"predecessor-version":[{"id":23347,"href":"https:\/\/blogdorogeriogomes.com.br\/noticias\/wp-json\/wp\/v2\/posts\/23345\/revisions\/23347"}],"wp:featuredmedia":[{"embeddable":true,"href":"https:\/\/blogdorogeriogomes.com.br\/noticias\/wp-json\/wp\/v2\/media\/23346"}],"wp:attachment":[{"href":"https:\/\/blogdorogeriogomes.com.br\/noticias\/wp-json\/wp\/v2\/media?parent=23345"}],"wp:term":[{"taxonomy":"category","embeddable":true,"href":"https:\/\/blogdorogeriogomes.com.br\/noticias\/wp-json\/wp\/v2\/categories?post=23345"},{"taxonomy":"post_tag","embeddable":true,"href":"https:\/\/blogdorogeriogomes.com.br\/noticias\/wp-json\/wp\/v2\/tags?post=23345"}],"curies":[{"name":"wp","href":"https:\/\/api.w.org\/{rel}","templated":true}]}}