{"id":23348,"date":"2021-11-08T23:19:31","date_gmt":"2021-11-08T23:19:31","guid":{"rendered":"https:\/\/blogdorogeriogomes.com.br\/?p=23348"},"modified":"2021-11-10T16:23:40","modified_gmt":"2021-11-10T16:23:40","slug":"camara-municipal-de-fortaleza-discute-futuro-da-capital-diante-do-pos-pandemia-da-covid-19","status":"publish","type":"post","link":"https:\/\/blogdorogeriogomes.com.br\/noticias\/2021\/11\/camara-municipal-de-fortaleza-discute-futuro-da-capital-diante-do-pos-pandemia-da-covid-19\/","title":{"rendered":"C\u00e2mara Municipal de Fortaleza discute futuro da Capital diante do p\u00f3s pandemia da Covid-19"},"content":{"rendered":"\n<p>A C\u00e2mara Municipal de Fortaleza realizou a Confer\u00eancia Vozes da Retomada, nesta segunda-feira, dia 8 de novembro, que teve como tema \u201cA supera\u00e7\u00e3o dos desafios econ\u00f4micos p\u00f3s-pandemia: um esfor\u00e7o conjunto entre Legislativo e Executivo\u201d. O evento teve a participa\u00e7\u00e3o do prefeito de Fortaleza, Jos\u00e9 Sarto, do presidente da C\u00e2mara Municipal, Ant\u00f4nio Henrique, do ex-prefeito de Fortaleza, Roberto Cl\u00e1udio, e do prefeito de Eus\u00e9bio, Acilon Gon\u00e7alves.<\/p>\n\n\n\n<p>Jos\u00e9 Sarto apresentou um balan\u00e7o das a\u00e7\u00f5es de enfrentamento \u00e0 Covid-19 e destacou que, junto ao incentivo \u00e0 retomada econ\u00f4mica, o Munic\u00edpio est\u00e1 empenhado em garantir medidas de prote\u00e7\u00e3o social e seguran\u00e7a alimentar.<\/p>\n\n\n\n<p>O prefeito da Capital afirmou que j\u00e1 iniciou articula\u00e7\u00f5es e que est\u00e1 mobilizando a bancada federal cearense para sensibilizar deputados e senadores sobre a urg\u00eancia de medidas e destina\u00e7\u00e3o de recursos para o combate \u00e0 fome na Capital. Segundo ele, j\u00e1 est\u00e3o assegurados R$ 10 milh\u00f5es, sendo R$ 7 milh\u00f5es referentes a emendas parlamentares j\u00e1 destinadas pelo rec\u00e9m-empossado senador Chiquinho Feitosa (DEM).&nbsp;<\/p>\n\n\n\n<p>Jos\u00e9 Sarto tamb\u00e9m enfatizou a abertura de 1.026 leitos este ano, entre leitos de UTI, enfermaria e de observa\u00e7\u00e3o nas Unidade de Pronto Atendimento (UPA).<\/p>\n\n\n\n<figure class=\"wp-block-image size-large\"><img loading=\"lazy\" decoding=\"async\" width=\"1024\" height=\"602\" src=\"https:\/\/blogdorogeriogomes.com.br\/wp-content\/uploads\/2021\/11\/08-11-2021-Camara-IMG_8510-1-1024x602.jpg\" alt=\"\" class=\"wp-image-23349\" srcset=\"https:\/\/blogdorogeriogomes.com.br\/noticias\/wp-content\/uploads\/2021\/11\/08-11-2021-Camara-IMG_8510-1-1024x602.jpg 1024w, https:\/\/blogdorogeriogomes.com.br\/noticias\/wp-content\/uploads\/2021\/11\/08-11-2021-Camara-IMG_8510-1-300x176.jpg 300w, https:\/\/blogdorogeriogomes.com.br\/noticias\/wp-content\/uploads\/2021\/11\/08-11-2021-Camara-IMG_8510-1-768x451.jpg 768w, https:\/\/blogdorogeriogomes.com.br\/noticias\/wp-content\/uploads\/2021\/11\/08-11-2021-Camara-IMG_8510-1-800x470.jpg 800w, https:\/\/blogdorogeriogomes.com.br\/noticias\/wp-content\/uploads\/2021\/11\/08-11-2021-Camara-IMG_8510-1.jpg 1280w\" sizes=\"auto, (max-width: 1024px) 100vw, 1024px\" \/><\/figure>\n","protected":false},"excerpt":{"rendered":"<p>A C\u00e2mara Municipal de Fortaleza realizou a Confer\u00eancia Vozes da Retomada, nesta segunda-feira, dia 8 de novembro, que teve como tema \u201cA supera\u00e7\u00e3o dos desafios econ\u00f4micos p\u00f3s-pandemia: um esfor\u00e7o conjunto entre Legislativo e Executivo\u201d. O evento teve a participa\u00e7\u00e3o do prefeito de Fortaleza, Jos\u00e9 Sarto, do presidente da C\u00e2mara Municipal, Ant\u00f4nio Henrique, do ex-prefeito de Fortaleza, Roberto Cl\u00e1udio, e do prefeito de Eus\u00e9bio, Acilon Gon\u00e7alves. Jos\u00e9 Sarto apresentou um balan\u00e7o das a\u00e7\u00f5es de enfrentamento \u00e0 Covid-19 e destacou que,&hellip;<\/p>\n","protected":false},"author":1,"featured_media":23349,"comment_status":"open","ping_status":"open","sticky":false,"template":"","format":"standard","meta":{"footnotes":""},"categories":[1],"tags":[],"class_list":["post-23348","post","type-post","status-publish","format-standard","has-post-thumbnail","hentry","category-noticias"],"_links":{"self":[{"href":"https:\/\/blogdorogeriogomes.com.br\/noticias\/wp-json\/wp\/v2\/posts\/23348","targetHints":{"allow":["GET"]}}],"collection":[{"href":"https:\/\/blogdorogeriogomes.com.br\/noticias\/wp-json\/wp\/v2\/posts"}],"about":[{"href":"https:\/\/blogdorogeriogomes.com.br\/noticias\/wp-json\/wp\/v2\/types\/post"}],"author":[{"embeddable":true,"href":"https:\/\/blogdorogeriogomes.com.br\/noticias\/wp-json\/wp\/v2\/users\/1"}],"replies":[{"embeddable":true,"href":"https:\/\/blogdorogeriogomes.com.br\/noticias\/wp-json\/wp\/v2\/comments?post=23348"}],"version-history":[{"count":2,"href":"https:\/\/blogdorogeriogomes.com.br\/noticias\/wp-json\/wp\/v2\/posts\/23348\/revisions"}],"predecessor-version":[{"id":23351,"href":"https:\/\/blogdorogeriogomes.com.br\/noticias\/wp-json\/wp\/v2\/posts\/23348\/revisions\/23351"}],"wp:featuredmedia":[{"embeddable":true,"href":"https:\/\/blogdorogeriogomes.com.br\/noticias\/wp-json\/wp\/v2\/media\/23349"}],"wp:attachment":[{"href":"https:\/\/blogdorogeriogomes.com.br\/noticias\/wp-json\/wp\/v2\/media?parent=23348"}],"wp:term":[{"taxonomy":"category","embeddable":true,"href":"https:\/\/blogdorogeriogomes.com.br\/noticias\/wp-json\/wp\/v2\/categories?post=23348"},{"taxonomy":"post_tag","embeddable":true,"href":"https:\/\/blogdorogeriogomes.com.br\/noticias\/wp-json\/wp\/v2\/tags?post=23348"}],"curies":[{"name":"wp","href":"https:\/\/api.w.org\/{rel}","templated":true}]}}