{"id":23352,"date":"2021-11-09T10:53:15","date_gmt":"2021-11-09T10:53:15","guid":{"rendered":"https:\/\/blogdorogeriogomes.com.br\/?p=23352"},"modified":"2021-11-10T16:23:30","modified_gmt":"2021-11-10T16:23:30","slug":"nos-bastidores-crescem-as-especulacoes-de-uma-chapa-envolvendo-lula-e-geraldo-alckmin-para-disputa-em-2022","status":"publish","type":"post","link":"https:\/\/blogdorogeriogomes.com.br\/noticias\/2021\/11\/nos-bastidores-crescem-as-especulacoes-de-uma-chapa-envolvendo-lula-e-geraldo-alckmin-para-disputa-em-2022\/","title":{"rendered":"Nos bastidores, crescem as especula\u00e7\u00f5es de uma chapa envolvendo Lula e Geraldo Alckmin para disputa em 2022"},"content":{"rendered":"\n<p>A escolha de uma candidato a vice na chapa do ex-presidente Lula (PT) faz parte das especula\u00e7\u00f5es pol\u00edticas dos \u00faltimos dias. O petista tem conversado com diferentes for\u00e7as pol\u00edticas, mas interlocutores t\u00eam ventilado di\u00e1logos com o ex-governador de S\u00e3o Paulo, Geraldo Alckmin, que cogita trocar o PSDB pelo PSB.&nbsp;Alckmin tem postura moderada e se encaixaria na chapa de Lula para concorrer nas elei\u00e7\u00f5es presidenciais em 2022. Algumas lideran\u00e7as do PT e do PSB&nbsp;avaliam que a dobradinha poderia ser positiva para enfrentar o presidente Jair Bolsonaro, que buscar\u00e1 a reelei\u00e7\u00e3o no pr\u00f3ximo ano.<\/p>\n\n\n\n<p>Lula lidera as pesquisas eleitorais at\u00e9 agora e estuda um nome para a vice que venha ajudar na governabilidade do Pa\u00eds, no caso de retorno ao Planalto. A colunista do Portal UOL, M\u00f4nica Bergamo, publicou que Lula e Alckmin sabem das dificuldades de uma uni\u00e3o ainda no primeiro turno e n\u00e3o querem atropelar rituais pol\u00edticos. Lula, no entanto, j\u00e1 avan\u00e7ou nos elogios ao ex-governador tucano. Segundo interlocutores, o petista afirmou que, com Alckmin de vice, poderia dormir tranquilo. \u00c9 esperar pra conferir.<\/p>\n\n\n\n<figure class=\"wp-block-image size-large\"><img loading=\"lazy\" decoding=\"async\" width=\"900\" height=\"669\" src=\"https:\/\/blogdorogeriogomes.com.br\/wp-content\/uploads\/2021\/11\/stuckert-lula-alckmin-wikimedia-commons.jpg\" alt=\"\" class=\"wp-image-23353\" srcset=\"https:\/\/blogdorogeriogomes.com.br\/noticias\/wp-content\/uploads\/2021\/11\/stuckert-lula-alckmin-wikimedia-commons.jpg 900w, https:\/\/blogdorogeriogomes.com.br\/noticias\/wp-content\/uploads\/2021\/11\/stuckert-lula-alckmin-wikimedia-commons-300x223.jpg 300w, https:\/\/blogdorogeriogomes.com.br\/noticias\/wp-content\/uploads\/2021\/11\/stuckert-lula-alckmin-wikimedia-commons-768x571.jpg 768w, https:\/\/blogdorogeriogomes.com.br\/noticias\/wp-content\/uploads\/2021\/11\/stuckert-lula-alckmin-wikimedia-commons-800x595.jpg 800w\" sizes=\"auto, (max-width: 900px) 100vw, 900px\" \/><\/figure>\n\n\n\n<p><\/p>\n","protected":false},"excerpt":{"rendered":"<p>A escolha de uma candidato a vice na chapa do ex-presidente Lula (PT) faz parte das especula\u00e7\u00f5es pol\u00edticas dos \u00faltimos dias. O petista tem conversado com diferentes for\u00e7as pol\u00edticas, mas interlocutores t\u00eam ventilado di\u00e1logos com o ex-governador de S\u00e3o Paulo, Geraldo Alckmin, que cogita trocar o PSDB pelo PSB.&nbsp;Alckmin tem postura moderada e se encaixaria na chapa de Lula para concorrer nas elei\u00e7\u00f5es presidenciais em 2022. Algumas lideran\u00e7as do PT e do PSB&nbsp;avaliam que a dobradinha poderia ser positiva&hellip;<\/p>\n","protected":false},"author":1,"featured_media":23353,"comment_status":"open","ping_status":"open","sticky":false,"template":"","format":"standard","meta":{"footnotes":""},"categories":[1],"tags":[],"class_list":["post-23352","post","type-post","status-publish","format-standard","has-post-thumbnail","hentry","category-noticias"],"_links":{"self":[{"href":"https:\/\/blogdorogeriogomes.com.br\/noticias\/wp-json\/wp\/v2\/posts\/23352","targetHints":{"allow":["GET"]}}],"collection":[{"href":"https:\/\/blogdorogeriogomes.com.br\/noticias\/wp-json\/wp\/v2\/posts"}],"about":[{"href":"https:\/\/blogdorogeriogomes.com.br\/noticias\/wp-json\/wp\/v2\/types\/post"}],"author":[{"embeddable":true,"href":"https:\/\/blogdorogeriogomes.com.br\/noticias\/wp-json\/wp\/v2\/users\/1"}],"replies":[{"embeddable":true,"href":"https:\/\/blogdorogeriogomes.com.br\/noticias\/wp-json\/wp\/v2\/comments?post=23352"}],"version-history":[{"count":2,"href":"https:\/\/blogdorogeriogomes.com.br\/noticias\/wp-json\/wp\/v2\/posts\/23352\/revisions"}],"predecessor-version":[{"id":23373,"href":"https:\/\/blogdorogeriogomes.com.br\/noticias\/wp-json\/wp\/v2\/posts\/23352\/revisions\/23373"}],"wp:featuredmedia":[{"embeddable":true,"href":"https:\/\/blogdorogeriogomes.com.br\/noticias\/wp-json\/wp\/v2\/media\/23353"}],"wp:attachment":[{"href":"https:\/\/blogdorogeriogomes.com.br\/noticias\/wp-json\/wp\/v2\/media?parent=23352"}],"wp:term":[{"taxonomy":"category","embeddable":true,"href":"https:\/\/blogdorogeriogomes.com.br\/noticias\/wp-json\/wp\/v2\/categories?post=23352"},{"taxonomy":"post_tag","embeddable":true,"href":"https:\/\/blogdorogeriogomes.com.br\/noticias\/wp-json\/wp\/v2\/tags?post=23352"}],"curies":[{"name":"wp","href":"https:\/\/api.w.org\/{rel}","templated":true}]}}