{"id":23355,"date":"2021-11-09T11:16:28","date_gmt":"2021-11-09T11:16:28","guid":{"rendered":"https:\/\/blogdorogeriogomes.com.br\/?p=23355"},"modified":"2021-11-10T16:23:19","modified_gmt":"2021-11-10T16:23:19","slug":"pl-de-valdemar-costa-neto-deve-ganhar-queda-de-braco-com-o-pp-e-vai-filiar-jair-bolsonaro","status":"publish","type":"post","link":"https:\/\/blogdorogeriogomes.com.br\/noticias\/2021\/11\/pl-de-valdemar-costa-neto-deve-ganhar-queda-de-braco-com-o-pp-e-vai-filiar-jair-bolsonaro\/","title":{"rendered":"PL de Valdemar Costa Neto deve ganhar queda de bra\u00e7o com o PP e vai filiar Jair Bolsonaro"},"content":{"rendered":"\n<p>A disputa de PL e PP para saber quem ser\u00e1 o novo partido do presidente Jair Bolsonaro est\u00e1 chegando ao final. O pr\u00f3prio Bolsonaro admite que deve concorrer no pr\u00f3ximo ano pelo PL de Valdemar Costa Neto. Preso no esc\u00e2ndalo do mensal\u00e3o, Costa Neto tem poder de decis\u00e3o sobre tempo de TV, fundo partid\u00e1rio e bancada no Congresso. \u00c9 um dos l\u00edderes do Centr\u00e3o.<\/p>\n\n\n\n<p>Mas o PP do ministro Ciro Nogueira n\u00e3o ficar\u00e1 de &#8220;m\u00e3os abanando&#8221;. Na negocia\u00e7\u00e3o, o PP deve escolher o candidato a vice na chapa de Bolsonaro. Al\u00e9m disso, o presidente da C\u00e2mara,&nbsp;Arthur Lira(PP-AL), principal articulador do Governo Bolsonaro, ter\u00e1 apoio para disputar a reelei\u00e7\u00e3o para o comando da Casa.<\/p>\n\n\n\n<p>A expectativa \u00e9 que cerca de 15 deputados federais bolsonaristas acompanhem o presidente na mudan\u00e7a para o PL. A maioria vinda do PSL, antiga legenda de Bolsonaro. Em contrapartida, h\u00e1 parlamentares no Nordeste insatisfeitos com a chegada de Bolsonaro ao PL e devem deixar o partido. O PL conta hoje com 43 deputados federais e quatro senadores.<\/p>\n\n\n\n<p>Na campanha de 2018, Bolsonaro sempre criticou o que chamava de \u201cvelha pol\u00edtica\u201d e \u201ctoma-l\u00e1-d\u00e1-c\u00e1\u201d. No entanto, a uni\u00e3o dele ao Centr\u00e3o comprova que a pr\u00e1tica est\u00e1 cada vez mais valorizada pelo atual comandante do Planalto. Esta deve ser a &#8220;nova pol\u00edtica&#8221; que ele vende aos seus apoiadores.<\/p>\n\n\n\n<figure class=\"wp-block-image size-large\"><img loading=\"lazy\" decoding=\"async\" width=\"738\" height=\"415\" src=\"https:\/\/blogdorogeriogomes.com.br\/wp-content\/uploads\/2021\/11\/images-14.jpeg\" alt=\"\" class=\"wp-image-23356\" srcset=\"https:\/\/blogdorogeriogomes.com.br\/noticias\/wp-content\/uploads\/2021\/11\/images-14.jpeg 738w, https:\/\/blogdorogeriogomes.com.br\/noticias\/wp-content\/uploads\/2021\/11\/images-14-300x169.jpeg 300w\" sizes=\"auto, (max-width: 738px) 100vw, 738px\" \/><\/figure>\n","protected":false},"excerpt":{"rendered":"<p>A disputa de PL e PP para saber quem ser\u00e1 o novo partido do presidente Jair Bolsonaro est\u00e1 chegando ao final. O pr\u00f3prio Bolsonaro admite que deve concorrer no pr\u00f3ximo ano pelo PL de Valdemar Costa Neto. Preso no esc\u00e2ndalo do mensal\u00e3o, Costa Neto tem poder de decis\u00e3o sobre tempo de TV, fundo partid\u00e1rio e bancada no Congresso. \u00c9 um dos l\u00edderes do Centr\u00e3o. Mas o PP do ministro Ciro Nogueira n\u00e3o ficar\u00e1 de &#8220;m\u00e3os abanando&#8221;. Na negocia\u00e7\u00e3o, o&hellip;<\/p>\n","protected":false},"author":1,"featured_media":23356,"comment_status":"open","ping_status":"open","sticky":false,"template":"","format":"standard","meta":{"footnotes":""},"categories":[1],"tags":[],"class_list":["post-23355","post","type-post","status-publish","format-standard","has-post-thumbnail","hentry","category-noticias"],"_links":{"self":[{"href":"https:\/\/blogdorogeriogomes.com.br\/noticias\/wp-json\/wp\/v2\/posts\/23355","targetHints":{"allow":["GET"]}}],"collection":[{"href":"https:\/\/blogdorogeriogomes.com.br\/noticias\/wp-json\/wp\/v2\/posts"}],"about":[{"href":"https:\/\/blogdorogeriogomes.com.br\/noticias\/wp-json\/wp\/v2\/types\/post"}],"author":[{"embeddable":true,"href":"https:\/\/blogdorogeriogomes.com.br\/noticias\/wp-json\/wp\/v2\/users\/1"}],"replies":[{"embeddable":true,"href":"https:\/\/blogdorogeriogomes.com.br\/noticias\/wp-json\/wp\/v2\/comments?post=23355"}],"version-history":[{"count":2,"href":"https:\/\/blogdorogeriogomes.com.br\/noticias\/wp-json\/wp\/v2\/posts\/23355\/revisions"}],"predecessor-version":[{"id":23372,"href":"https:\/\/blogdorogeriogomes.com.br\/noticias\/wp-json\/wp\/v2\/posts\/23355\/revisions\/23372"}],"wp:featuredmedia":[{"embeddable":true,"href":"https:\/\/blogdorogeriogomes.com.br\/noticias\/wp-json\/wp\/v2\/media\/23356"}],"wp:attachment":[{"href":"https:\/\/blogdorogeriogomes.com.br\/noticias\/wp-json\/wp\/v2\/media?parent=23355"}],"wp:term":[{"taxonomy":"category","embeddable":true,"href":"https:\/\/blogdorogeriogomes.com.br\/noticias\/wp-json\/wp\/v2\/categories?post=23355"},{"taxonomy":"post_tag","embeddable":true,"href":"https:\/\/blogdorogeriogomes.com.br\/noticias\/wp-json\/wp\/v2\/tags?post=23355"}],"curies":[{"name":"wp","href":"https:\/\/api.w.org\/{rel}","templated":true}]}}