{"id":23364,"date":"2021-11-10T09:42:52","date_gmt":"2021-11-10T09:42:52","guid":{"rendered":"https:\/\/blogdorogeriogomes.com.br\/?p=23364"},"modified":"2021-11-10T16:22:11","modified_gmt":"2021-11-10T16:22:11","slug":"governo-federal-consegue-aprovar-pec-dos-precatorios-em-2-turno-na-camara-agora-a-briga-sera-no-senado","status":"publish","type":"post","link":"https:\/\/blogdorogeriogomes.com.br\/noticias\/2021\/11\/governo-federal-consegue-aprovar-pec-dos-precatorios-em-2-turno-na-camara-agora-a-briga-sera-no-senado\/","title":{"rendered":"Governo Federal consegue aprovar PEC dos Precat\u00f3rios em 2\u00b0 turno na C\u00e2mara. Agora, a briga ser\u00e1 no Senado"},"content":{"rendered":"\n<p>Por 323 votos a 172 e uma absten\u00e7\u00e3o, o Governo Federal conseguiu aprovar na noite desta ter\u00e7a-feira, dia 9 de novembro, em segundo turno na C\u00e2mara dos Deputados, a proposta de emenda \u00e0 Constitui\u00e7\u00e3o (PEC) dos Precat\u00f3rios.<\/p>\n\n\n\n<p>A chamada PEC dos Precat\u00f3rios \u00e9 a principal aposta do Governo Bolsonaro para viabilizar o Aux\u00edlio Brasil, anunciado como substituto do Bolsa Fam\u00edlia. A proposta&nbsp;adia o pagamento de precat\u00f3rios, que s\u00e3o d\u00edvidas do Governo Federal j\u00e1 reconhecidas pela Justi\u00e7a, e altera o c\u00e1lculo do teto de gastos, regra pela qual, de um ano para outro, as despesas da Uni\u00e3o n\u00e3o podem crescer mais que a varia\u00e7\u00e3o da infla\u00e7\u00e3o. As duas mudan\u00e7as abrem um espa\u00e7o or\u00e7ament\u00e1rio de cerca de R$ 90 bilh\u00f5es para o governo gastar em 2022, que \u00e9 ano de elei\u00e7\u00f5es.<\/p>\n\n\n\n<p>Aprovada pela C\u00e2mara, a PEC dos Precat\u00f3rios segue para debate e an\u00e1lise no Senado Federal, onde a proposta deve ter mais dificuldades para ser aprovada. A oposi\u00e7\u00e3o tamb\u00e9m promete judicializar a vota\u00e7\u00e3o na C\u00e2mara alegando manobras irregulares do presidente da Casa, Arthur Lira, aliado de primeira linha de Bolsonaro.<\/p>\n\n\n\n<figure class=\"wp-block-image size-large\"><img loading=\"lazy\" decoding=\"async\" width=\"840\" height=\"365\" src=\"https:\/\/blogdorogeriogomes.com.br\/wp-content\/uploads\/2021\/11\/images-15.jpeg\" alt=\"\" class=\"wp-image-23365\" srcset=\"https:\/\/blogdorogeriogomes.com.br\/noticias\/wp-content\/uploads\/2021\/11\/images-15.jpeg 840w, https:\/\/blogdorogeriogomes.com.br\/noticias\/wp-content\/uploads\/2021\/11\/images-15-300x130.jpeg 300w, https:\/\/blogdorogeriogomes.com.br\/noticias\/wp-content\/uploads\/2021\/11\/images-15-768x334.jpeg 768w, https:\/\/blogdorogeriogomes.com.br\/noticias\/wp-content\/uploads\/2021\/11\/images-15-800x348.jpeg 800w\" sizes=\"auto, (max-width: 840px) 100vw, 840px\" \/><\/figure>\n","protected":false},"excerpt":{"rendered":"<p>Por 323 votos a 172 e uma absten\u00e7\u00e3o, o Governo Federal conseguiu aprovar na noite desta ter\u00e7a-feira, dia 9 de novembro, em segundo turno na C\u00e2mara dos Deputados, a proposta de emenda \u00e0 Constitui\u00e7\u00e3o (PEC) dos Precat\u00f3rios. A chamada PEC dos Precat\u00f3rios \u00e9 a principal aposta do Governo Bolsonaro para viabilizar o Aux\u00edlio Brasil, anunciado como substituto do Bolsa Fam\u00edlia. A proposta&nbsp;adia o pagamento de precat\u00f3rios, que s\u00e3o d\u00edvidas do Governo Federal j\u00e1 reconhecidas pela Justi\u00e7a, e altera o&hellip;<\/p>\n","protected":false},"author":1,"featured_media":23365,"comment_status":"open","ping_status":"open","sticky":false,"template":"","format":"standard","meta":{"footnotes":""},"categories":[1],"tags":[],"class_list":["post-23364","post","type-post","status-publish","format-standard","has-post-thumbnail","hentry","category-noticias"],"_links":{"self":[{"href":"https:\/\/blogdorogeriogomes.com.br\/noticias\/wp-json\/wp\/v2\/posts\/23364","targetHints":{"allow":["GET"]}}],"collection":[{"href":"https:\/\/blogdorogeriogomes.com.br\/noticias\/wp-json\/wp\/v2\/posts"}],"about":[{"href":"https:\/\/blogdorogeriogomes.com.br\/noticias\/wp-json\/wp\/v2\/types\/post"}],"author":[{"embeddable":true,"href":"https:\/\/blogdorogeriogomes.com.br\/noticias\/wp-json\/wp\/v2\/users\/1"}],"replies":[{"embeddable":true,"href":"https:\/\/blogdorogeriogomes.com.br\/noticias\/wp-json\/wp\/v2\/comments?post=23364"}],"version-history":[{"count":2,"href":"https:\/\/blogdorogeriogomes.com.br\/noticias\/wp-json\/wp\/v2\/posts\/23364\/revisions"}],"predecessor-version":[{"id":23371,"href":"https:\/\/blogdorogeriogomes.com.br\/noticias\/wp-json\/wp\/v2\/posts\/23364\/revisions\/23371"}],"wp:featuredmedia":[{"embeddable":true,"href":"https:\/\/blogdorogeriogomes.com.br\/noticias\/wp-json\/wp\/v2\/media\/23365"}],"wp:attachment":[{"href":"https:\/\/blogdorogeriogomes.com.br\/noticias\/wp-json\/wp\/v2\/media?parent=23364"}],"wp:term":[{"taxonomy":"category","embeddable":true,"href":"https:\/\/blogdorogeriogomes.com.br\/noticias\/wp-json\/wp\/v2\/categories?post=23364"},{"taxonomy":"post_tag","embeddable":true,"href":"https:\/\/blogdorogeriogomes.com.br\/noticias\/wp-json\/wp\/v2\/tags?post=23364"}],"curies":[{"name":"wp","href":"https:\/\/api.w.org\/{rel}","templated":true}]}}