{"id":23367,"date":"2021-11-10T10:09:33","date_gmt":"2021-11-10T10:09:33","guid":{"rendered":"https:\/\/blogdorogeriogomes.com.br\/?p=23367"},"modified":"2021-11-10T16:21:48","modified_gmt":"2021-11-10T16:21:48","slug":"camilo-santana-anuncia-pagamento-da-segunda-parcela-do-13-salario-para-10-de-dezembro","status":"publish","type":"post","link":"https:\/\/blogdorogeriogomes.com.br\/noticias\/2021\/11\/camilo-santana-anuncia-pagamento-da-segunda-parcela-do-13-salario-para-10-de-dezembro\/","title":{"rendered":"Camilo Santana anuncia pagamento da segunda parcela do 13\u00b0 sal\u00e1rio para 10 de dezembro"},"content":{"rendered":"\n<p>Uma boa not\u00edcia para os servidores p\u00fablicos estaduais. O governador do Cear\u00e1, Camilo Santana anunciou que a segunda parcela do&nbsp;13\u00ba sal\u00e1rio de servidores ativos, aposentados e pensionistas ser\u00e1 paga no pr\u00f3ximo&nbsp;10 de dezembro. Ser\u00e3o beneficiados 181.400 funcion\u00e1rios p\u00fablicos.<\/p>\n\n\n\n<p>A expectativa \u00e9 de injetar R$ 2,5 bilh\u00f5es de reais na economia cearense em dezembro, somados \u00e0 folha salarial do Estado que ser\u00e1 de cerca de R$ 500 milh\u00f5es.&nbsp;A primeira parcela do 13\u00b0 sal\u00e1rio dos servidores estaduais no Cear\u00e1 j\u00e1 foi paga desde o \u00faltimo m\u00eas de junho.<\/p>\n\n\n\n<figure class=\"wp-block-image size-large\"><img loading=\"lazy\" decoding=\"async\" width=\"600\" height=\"450\" src=\"https:\/\/blogdorogeriogomes.com.br\/wp-content\/uploads\/2021\/11\/13.jpg\" alt=\"\" class=\"wp-image-23368\" srcset=\"https:\/\/blogdorogeriogomes.com.br\/noticias\/wp-content\/uploads\/2021\/11\/13.jpg 600w, https:\/\/blogdorogeriogomes.com.br\/noticias\/wp-content\/uploads\/2021\/11\/13-300x225.jpg 300w, https:\/\/blogdorogeriogomes.com.br\/noticias\/wp-content\/uploads\/2021\/11\/13-400x300.jpg 400w\" sizes=\"auto, (max-width: 600px) 100vw, 600px\" \/><\/figure>\n","protected":false},"excerpt":{"rendered":"<p>Uma boa not\u00edcia para os servidores p\u00fablicos estaduais. O governador do Cear\u00e1, Camilo Santana anunciou que a segunda parcela do&nbsp;13\u00ba sal\u00e1rio de servidores ativos, aposentados e pensionistas ser\u00e1 paga no pr\u00f3ximo&nbsp;10 de dezembro. Ser\u00e3o beneficiados 181.400 funcion\u00e1rios p\u00fablicos. A expectativa \u00e9 de injetar R$ 2,5 bilh\u00f5es de reais na economia cearense em dezembro, somados \u00e0 folha salarial do Estado que ser\u00e1 de cerca de R$ 500 milh\u00f5es.&nbsp;A primeira parcela do 13\u00b0 sal\u00e1rio dos servidores estaduais no Cear\u00e1 j\u00e1 foi&hellip;<\/p>\n","protected":false},"author":1,"featured_media":23368,"comment_status":"open","ping_status":"open","sticky":false,"template":"","format":"standard","meta":{"footnotes":""},"categories":[1],"tags":[],"class_list":["post-23367","post","type-post","status-publish","format-standard","has-post-thumbnail","hentry","category-noticias"],"_links":{"self":[{"href":"https:\/\/blogdorogeriogomes.com.br\/noticias\/wp-json\/wp\/v2\/posts\/23367","targetHints":{"allow":["GET"]}}],"collection":[{"href":"https:\/\/blogdorogeriogomes.com.br\/noticias\/wp-json\/wp\/v2\/posts"}],"about":[{"href":"https:\/\/blogdorogeriogomes.com.br\/noticias\/wp-json\/wp\/v2\/types\/post"}],"author":[{"embeddable":true,"href":"https:\/\/blogdorogeriogomes.com.br\/noticias\/wp-json\/wp\/v2\/users\/1"}],"replies":[{"embeddable":true,"href":"https:\/\/blogdorogeriogomes.com.br\/noticias\/wp-json\/wp\/v2\/comments?post=23367"}],"version-history":[{"count":2,"href":"https:\/\/blogdorogeriogomes.com.br\/noticias\/wp-json\/wp\/v2\/posts\/23367\/revisions"}],"predecessor-version":[{"id":23370,"href":"https:\/\/blogdorogeriogomes.com.br\/noticias\/wp-json\/wp\/v2\/posts\/23367\/revisions\/23370"}],"wp:featuredmedia":[{"embeddable":true,"href":"https:\/\/blogdorogeriogomes.com.br\/noticias\/wp-json\/wp\/v2\/media\/23368"}],"wp:attachment":[{"href":"https:\/\/blogdorogeriogomes.com.br\/noticias\/wp-json\/wp\/v2\/media?parent=23367"}],"wp:term":[{"taxonomy":"category","embeddable":true,"href":"https:\/\/blogdorogeriogomes.com.br\/noticias\/wp-json\/wp\/v2\/categories?post=23367"},{"taxonomy":"post_tag","embeddable":true,"href":"https:\/\/blogdorogeriogomes.com.br\/noticias\/wp-json\/wp\/v2\/tags?post=23367"}],"curies":[{"name":"wp","href":"https:\/\/api.w.org\/{rel}","templated":true}]}}