{"id":23374,"date":"2021-11-10T22:41:48","date_gmt":"2021-11-10T22:41:48","guid":{"rendered":"https:\/\/blogdorogeriogomes.com.br\/?p=23374"},"modified":"2021-11-11T20:25:04","modified_gmt":"2021-11-11T20:25:04","slug":"prefeitura-de-fortaleza-tambem-antecipa-segunda-parcela-do-13-salario","status":"publish","type":"post","link":"https:\/\/blogdorogeriogomes.com.br\/noticias\/2021\/11\/prefeitura-de-fortaleza-tambem-antecipa-segunda-parcela-do-13-salario\/","title":{"rendered":"Prefeitura de Fortaleza tamb\u00e9m antecipa segunda parcela do 13\u00b0 sal\u00e1rio"},"content":{"rendered":"\n<p>O pagamento da segunda parcela do 13\u00ba dos servidores municipais ser\u00e1 antecipado para o dia 15 de dezembro. O an\u00fancio foi feito pelo prefeito de Fortaleza, Jos\u00e9 Sarto, nesta quarta-feira, dia 10 de novembro, durante a entrega de requalifica\u00e7\u00e3o de uma quadra na Escola Municipal Professor Francisco Maur\u00edcio de Mattos Dourado, no Edson Queiroz, a primeira de 50 que passar\u00e3o por reforma.<\/p>\n\n\n\n<p>A segunda parcela soma R$ 157,7 milh\u00f5es, equivalente a 60% do valor total do 13\u00ba. Somando a folha de pagamento de novembro, paga em 1\u00ba de dezembro, e a folha de dezembro, paga em 1\u00ba de janeiro, mais a parcela do 13\u00ba sal\u00e1rio, s\u00e3o R$ 820 milh\u00f5es injetados na economia em 30 dias.<\/p>\n\n\n\n<figure class=\"wp-block-image size-large\"><img loading=\"lazy\" decoding=\"async\" width=\"750\" height=\"500\" src=\"https:\/\/blogdorogeriogomes.com.br\/wp-content\/uploads\/2021\/11\/1_whatsapp_image_2021_05_27_at_16_18_48-15918767.jpeg\" alt=\"\" class=\"wp-image-23375\" srcset=\"https:\/\/blogdorogeriogomes.com.br\/noticias\/wp-content\/uploads\/2021\/11\/1_whatsapp_image_2021_05_27_at_16_18_48-15918767.jpeg 750w, https:\/\/blogdorogeriogomes.com.br\/noticias\/wp-content\/uploads\/2021\/11\/1_whatsapp_image_2021_05_27_at_16_18_48-15918767-300x200.jpeg 300w\" sizes=\"auto, (max-width: 750px) 100vw, 750px\" \/><\/figure>\n","protected":false},"excerpt":{"rendered":"<p>O pagamento da segunda parcela do 13\u00ba dos servidores municipais ser\u00e1 antecipado para o dia 15 de dezembro. O an\u00fancio foi feito pelo prefeito de Fortaleza, Jos\u00e9 Sarto, nesta quarta-feira, dia 10 de novembro, durante a entrega de requalifica\u00e7\u00e3o de uma quadra na Escola Municipal Professor Francisco Maur\u00edcio de Mattos Dourado, no Edson Queiroz, a primeira de 50 que passar\u00e3o por reforma. A segunda parcela soma R$ 157,7 milh\u00f5es, equivalente a 60% do valor total do 13\u00ba. Somando a&hellip;<\/p>\n","protected":false},"author":1,"featured_media":23375,"comment_status":"open","ping_status":"open","sticky":false,"template":"","format":"standard","meta":{"footnotes":""},"categories":[1],"tags":[],"class_list":["post-23374","post","type-post","status-publish","format-standard","has-post-thumbnail","hentry","category-noticias"],"_links":{"self":[{"href":"https:\/\/blogdorogeriogomes.com.br\/noticias\/wp-json\/wp\/v2\/posts\/23374","targetHints":{"allow":["GET"]}}],"collection":[{"href":"https:\/\/blogdorogeriogomes.com.br\/noticias\/wp-json\/wp\/v2\/posts"}],"about":[{"href":"https:\/\/blogdorogeriogomes.com.br\/noticias\/wp-json\/wp\/v2\/types\/post"}],"author":[{"embeddable":true,"href":"https:\/\/blogdorogeriogomes.com.br\/noticias\/wp-json\/wp\/v2\/users\/1"}],"replies":[{"embeddable":true,"href":"https:\/\/blogdorogeriogomes.com.br\/noticias\/wp-json\/wp\/v2\/comments?post=23374"}],"version-history":[{"count":1,"href":"https:\/\/blogdorogeriogomes.com.br\/noticias\/wp-json\/wp\/v2\/posts\/23374\/revisions"}],"predecessor-version":[{"id":23376,"href":"https:\/\/blogdorogeriogomes.com.br\/noticias\/wp-json\/wp\/v2\/posts\/23374\/revisions\/23376"}],"wp:featuredmedia":[{"embeddable":true,"href":"https:\/\/blogdorogeriogomes.com.br\/noticias\/wp-json\/wp\/v2\/media\/23375"}],"wp:attachment":[{"href":"https:\/\/blogdorogeriogomes.com.br\/noticias\/wp-json\/wp\/v2\/media?parent=23374"}],"wp:term":[{"taxonomy":"category","embeddable":true,"href":"https:\/\/blogdorogeriogomes.com.br\/noticias\/wp-json\/wp\/v2\/categories?post=23374"},{"taxonomy":"post_tag","embeddable":true,"href":"https:\/\/blogdorogeriogomes.com.br\/noticias\/wp-json\/wp\/v2\/tags?post=23374"}],"curies":[{"name":"wp","href":"https:\/\/api.w.org\/{rel}","templated":true}]}}