{"id":23380,"date":"2021-11-10T23:20:58","date_gmt":"2021-11-10T23:20:58","guid":{"rendered":"https:\/\/blogdorogeriogomes.com.br\/?p=23380"},"modified":"2021-11-11T20:24:47","modified_gmt":"2021-11-11T20:24:47","slug":"moro-se-filia-ao-podemos-faz-discurso-de-presidenciavel-e-se-coloca-como-opcao-na-direita-contra-bolsonaro","status":"publish","type":"post","link":"https:\/\/blogdorogeriogomes.com.br\/noticias\/2021\/11\/moro-se-filia-ao-podemos-faz-discurso-de-presidenciavel-e-se-coloca-como-opcao-na-direita-contra-bolsonaro\/","title":{"rendered":"Moro se filia ao Podemos, faz discurso de presidenci\u00e1vel e se coloca como op\u00e7\u00e3o na direita contra Bolsonaro"},"content":{"rendered":"\n<p>O ex-juiz Sergio Moro confirmou nesta quarta-feira, dia 10 de novembro, a sua filia\u00e7\u00e3o ao Podemos. Fez um discurso de pr\u00e9 candidato \u00e0 Presid\u00eancia da Rep\u00fablica e se coloca como op\u00e7\u00e3o na direita contra o presidente Jair Bolsonaro, antigo aliado e de quem foi ministro da Justi\u00e7a. Por outro lado, <span style=\"font-size: inherit;\"> o presidente Jair Bolsonaro se aproxima de uma filia\u00e7\u00e3o ao PL.<\/span><\/p>\n\n\n\n<p>Sergio Moro e Jair Bolsonaro disputam o mesmo perfil de eleitor conservador, que defende pauta de costumes em detrimento ao caos social que assola o Pa\u00eds. No ato de filia\u00e7\u00e3o ao Podemos, o ex-juiz fez um discurso pouco convincente, sem propostas para enfrentar a crise econ\u00f4mica e com o velho mote do combate \u00e0 corrup\u00e7\u00e3o. Pode vir a roubar votos do pr\u00f3prio Bolsonaro, mas h\u00e1 analistas que avaliam que o ex-juiz mira uma candidatura ao Senado por S\u00e3o Paulo.<\/p>\n\n\n\n<p>\u00c9 bom recordar que Sergio Moro foi considerado parcial pelo STF na condu\u00e7\u00e3o dos processos do ex-presidente Lula, que o levaram \u00e0 pris\u00e3o e lhe tiraram da disputa presidencial em 2018. Meses depois, Moro foi ser ministro da Justi\u00e7a de Jair Bolsonaro, com quem brigou ao longo do Governo.<\/p>\n\n\n\n<figure class=\"wp-block-image size-large\"><img loading=\"lazy\" decoding=\"async\" width=\"984\" height=\"656\" src=\"https:\/\/blogdorogeriogomes.com.br\/wp-content\/uploads\/2021\/11\/agf20211110004.jpg\" alt=\"\" class=\"wp-image-23381\" srcset=\"https:\/\/blogdorogeriogomes.com.br\/noticias\/wp-content\/uploads\/2021\/11\/agf20211110004.jpg 984w, https:\/\/blogdorogeriogomes.com.br\/noticias\/wp-content\/uploads\/2021\/11\/agf20211110004-300x200.jpg 300w, https:\/\/blogdorogeriogomes.com.br\/noticias\/wp-content\/uploads\/2021\/11\/agf20211110004-768x512.jpg 768w, https:\/\/blogdorogeriogomes.com.br\/noticias\/wp-content\/uploads\/2021\/11\/agf20211110004-800x533.jpg 800w\" sizes=\"auto, (max-width: 984px) 100vw, 984px\" \/><\/figure>\n","protected":false},"excerpt":{"rendered":"<p>O ex-juiz Sergio Moro confirmou nesta quarta-feira, dia 10 de novembro, a sua filia\u00e7\u00e3o ao Podemos. Fez um discurso de pr\u00e9 candidato \u00e0 Presid\u00eancia da Rep\u00fablica e se coloca como op\u00e7\u00e3o na direita contra o presidente Jair Bolsonaro, antigo aliado e de quem foi ministro da Justi\u00e7a. Por outro lado, o presidente Jair Bolsonaro se aproxima de uma filia\u00e7\u00e3o ao PL. Sergio Moro e Jair Bolsonaro disputam o mesmo perfil de eleitor conservador, que defende pauta de costumes em&hellip;<\/p>\n","protected":false},"author":1,"featured_media":23381,"comment_status":"open","ping_status":"open","sticky":false,"template":"","format":"standard","meta":{"footnotes":""},"categories":[1],"tags":[],"class_list":["post-23380","post","type-post","status-publish","format-standard","has-post-thumbnail","hentry","category-noticias"],"_links":{"self":[{"href":"https:\/\/blogdorogeriogomes.com.br\/noticias\/wp-json\/wp\/v2\/posts\/23380","targetHints":{"allow":["GET"]}}],"collection":[{"href":"https:\/\/blogdorogeriogomes.com.br\/noticias\/wp-json\/wp\/v2\/posts"}],"about":[{"href":"https:\/\/blogdorogeriogomes.com.br\/noticias\/wp-json\/wp\/v2\/types\/post"}],"author":[{"embeddable":true,"href":"https:\/\/blogdorogeriogomes.com.br\/noticias\/wp-json\/wp\/v2\/users\/1"}],"replies":[{"embeddable":true,"href":"https:\/\/blogdorogeriogomes.com.br\/noticias\/wp-json\/wp\/v2\/comments?post=23380"}],"version-history":[{"count":1,"href":"https:\/\/blogdorogeriogomes.com.br\/noticias\/wp-json\/wp\/v2\/posts\/23380\/revisions"}],"predecessor-version":[{"id":23382,"href":"https:\/\/blogdorogeriogomes.com.br\/noticias\/wp-json\/wp\/v2\/posts\/23380\/revisions\/23382"}],"wp:featuredmedia":[{"embeddable":true,"href":"https:\/\/blogdorogeriogomes.com.br\/noticias\/wp-json\/wp\/v2\/media\/23381"}],"wp:attachment":[{"href":"https:\/\/blogdorogeriogomes.com.br\/noticias\/wp-json\/wp\/v2\/media?parent=23380"}],"wp:term":[{"taxonomy":"category","embeddable":true,"href":"https:\/\/blogdorogeriogomes.com.br\/noticias\/wp-json\/wp\/v2\/categories?post=23380"},{"taxonomy":"post_tag","embeddable":true,"href":"https:\/\/blogdorogeriogomes.com.br\/noticias\/wp-json\/wp\/v2\/tags?post=23380"}],"curies":[{"name":"wp","href":"https:\/\/api.w.org\/{rel}","templated":true}]}}