{"id":23383,"date":"2021-11-11T10:31:03","date_gmt":"2021-11-11T10:31:03","guid":{"rendered":"https:\/\/blogdorogeriogomes.com.br\/?p=23383"},"modified":"2021-11-11T20:24:36","modified_gmt":"2021-11-11T20:24:36","slug":"fortaleza-nao-registra-mortes-por-covid-19-ha-20-dias-diz-o-integrasus","status":"publish","type":"post","link":"https:\/\/blogdorogeriogomes.com.br\/noticias\/2021\/11\/fortaleza-nao-registra-mortes-por-covid-19-ha-20-dias-diz-o-integrasus\/","title":{"rendered":"Fortaleza n\u00e3o registra mortes por Covid-19 h\u00e1 20 dias, diz o IntegraSUS"},"content":{"rendered":"\n<p>O avan\u00e7o no processo de vacina\u00e7\u00e3o contra o coronav\u00edrus tem revelado efic\u00e1cia na redu\u00e7\u00e3o de n\u00famero de casos e de mortes de v\u00edtimas da pandemia. O munic\u00edpio de Fortaleza n\u00e3o registra mortes por Covid-19 h\u00e1 20 dias, conforme dados do IntegraSUS, plataforma de monitoramento da Secretaria da Sa\u00fade do Cear\u00e1 (Sesa). Desde o in\u00edcio da pandemia, 9.825 morreram na Capital cearense por coronav\u00edrus. Desde o in\u00edcio de setembro, as mortes ficam abaixo de 10 confirma\u00e7\u00f5es di\u00e1rias.<\/p>\n\n\n\n<p>O Estado registra ocupa\u00e7\u00e3o de 35,71% das suas Unidades de Terapia Intensiva (UTIs) voltadas para o tratamento de Covid-19.&nbsp;<\/p>\n\n\n\n<p>No Cear\u00e1, mais de&nbsp;cinco milh\u00f5es de pessoas completaram&nbsp;o esquema vacinal contra a Covid-19. Ou seja, duas doses de AstraZeneca, CoronaVac, Pfizer ou dose \u00fanica da Janssen. A quantidade equivale a&nbsp;57% do total de pessoas que residem no Estado.&nbsp;<\/p>\n\n\n\n<figure class=\"wp-block-image size-large\"><img loading=\"lazy\" decoding=\"async\" width=\"678\" height=\"452\" src=\"https:\/\/blogdorogeriogomes.com.br\/wp-content\/uploads\/2021\/11\/images-17.jpeg\" alt=\"\" class=\"wp-image-23384\" srcset=\"https:\/\/blogdorogeriogomes.com.br\/noticias\/wp-content\/uploads\/2021\/11\/images-17.jpeg 678w, https:\/\/blogdorogeriogomes.com.br\/noticias\/wp-content\/uploads\/2021\/11\/images-17-300x200.jpeg 300w\" sizes=\"auto, (max-width: 678px) 100vw, 678px\" \/><\/figure>\n\n\n\n<p><\/p>\n","protected":false},"excerpt":{"rendered":"<p>O avan\u00e7o no processo de vacina\u00e7\u00e3o contra o coronav\u00edrus tem revelado efic\u00e1cia na redu\u00e7\u00e3o de n\u00famero de casos e de mortes de v\u00edtimas da pandemia. O munic\u00edpio de Fortaleza n\u00e3o registra mortes por Covid-19 h\u00e1 20 dias, conforme dados do IntegraSUS, plataforma de monitoramento da Secretaria da Sa\u00fade do Cear\u00e1 (Sesa). Desde o in\u00edcio da pandemia, 9.825 morreram na Capital cearense por coronav\u00edrus. Desde o in\u00edcio de setembro, as mortes ficam abaixo de 10 confirma\u00e7\u00f5es di\u00e1rias. O Estado registra&hellip;<\/p>\n","protected":false},"author":1,"featured_media":23384,"comment_status":"open","ping_status":"open","sticky":false,"template":"","format":"standard","meta":{"footnotes":""},"categories":[1],"tags":[],"class_list":["post-23383","post","type-post","status-publish","format-standard","has-post-thumbnail","hentry","category-noticias"],"_links":{"self":[{"href":"https:\/\/blogdorogeriogomes.com.br\/noticias\/wp-json\/wp\/v2\/posts\/23383","targetHints":{"allow":["GET"]}}],"collection":[{"href":"https:\/\/blogdorogeriogomes.com.br\/noticias\/wp-json\/wp\/v2\/posts"}],"about":[{"href":"https:\/\/blogdorogeriogomes.com.br\/noticias\/wp-json\/wp\/v2\/types\/post"}],"author":[{"embeddable":true,"href":"https:\/\/blogdorogeriogomes.com.br\/noticias\/wp-json\/wp\/v2\/users\/1"}],"replies":[{"embeddable":true,"href":"https:\/\/blogdorogeriogomes.com.br\/noticias\/wp-json\/wp\/v2\/comments?post=23383"}],"version-history":[{"count":2,"href":"https:\/\/blogdorogeriogomes.com.br\/noticias\/wp-json\/wp\/v2\/posts\/23383\/revisions"}],"predecessor-version":[{"id":23395,"href":"https:\/\/blogdorogeriogomes.com.br\/noticias\/wp-json\/wp\/v2\/posts\/23383\/revisions\/23395"}],"wp:featuredmedia":[{"embeddable":true,"href":"https:\/\/blogdorogeriogomes.com.br\/noticias\/wp-json\/wp\/v2\/media\/23384"}],"wp:attachment":[{"href":"https:\/\/blogdorogeriogomes.com.br\/noticias\/wp-json\/wp\/v2\/media?parent=23383"}],"wp:term":[{"taxonomy":"category","embeddable":true,"href":"https:\/\/blogdorogeriogomes.com.br\/noticias\/wp-json\/wp\/v2\/categories?post=23383"},{"taxonomy":"post_tag","embeddable":true,"href":"https:\/\/blogdorogeriogomes.com.br\/noticias\/wp-json\/wp\/v2\/tags?post=23383"}],"curies":[{"name":"wp","href":"https:\/\/api.w.org\/{rel}","templated":true}]}}