{"id":23386,"date":"2021-11-11T11:07:06","date_gmt":"2021-11-11T11:07:06","guid":{"rendered":"https:\/\/blogdorogeriogomes.com.br\/?p=23386"},"modified":"2021-11-11T20:24:25","modified_gmt":"2021-11-11T20:24:25","slug":"bolsonaro-vai-nomear-75-novos-desembargadores-de-uma-so-vez-meio-juridico-teme-aparelhamento","status":"publish","type":"post","link":"https:\/\/blogdorogeriogomes.com.br\/noticias\/2021\/11\/bolsonaro-vai-nomear-75-novos-desembargadores-de-uma-so-vez-meio-juridico-teme-aparelhamento\/","title":{"rendered":"Bolsonaro vai nomear 75 novos desembargadores de uma s\u00f3 vez. Meio jur\u00eddico teme aparelhamento"},"content":{"rendered":"\n<p>O presidente Jair Bolsonaro vai nomear 75 novos desembargadores, de uma s\u00f3 vez, nos seis tribunais regionais federais do Pa\u00eds. Quase 50% das vagas em cinco tribunais foram aprovadas pela C\u00e2mara dos Deputados, al\u00e9m de ter sido criado o Tribunal Regional Federal da 6\u00aa Regi\u00e3o, em Minas Gerais. Em um momento que o Governo Bolsonaro reclama de insufici\u00eancia de recursos, novas nomea\u00e7\u00f5es no Judici\u00e1rio representam ainda mais custos com pessoal na esfera federal.<\/p>\n\n\n\n<p>Setores do meio jur\u00eddico temem que tantas nomea\u00e7\u00f5es em uma s\u00f3 canetada abre margem para o aparelhamento do Judici\u00e1rio. De 139 desembargadores federais, o Brasil passar\u00e1 a ter 214. A Lei que cria os novos cargos j\u00e1 est\u00e1 com o presidente Jair Bolsonaro para ser sancionada.<\/p>\n\n\n\n<figure class=\"wp-block-image size-large\"><img loading=\"lazy\" decoding=\"async\" width=\"678\" height=\"452\" src=\"https:\/\/blogdorogeriogomes.com.br\/wp-content\/uploads\/2021\/11\/images-18.jpeg\" alt=\"\" class=\"wp-image-23387\" srcset=\"https:\/\/blogdorogeriogomes.com.br\/noticias\/wp-content\/uploads\/2021\/11\/images-18.jpeg 678w, https:\/\/blogdorogeriogomes.com.br\/noticias\/wp-content\/uploads\/2021\/11\/images-18-300x200.jpeg 300w\" sizes=\"auto, (max-width: 678px) 100vw, 678px\" \/><\/figure>\n","protected":false},"excerpt":{"rendered":"<p>O presidente Jair Bolsonaro vai nomear 75 novos desembargadores, de uma s\u00f3 vez, nos seis tribunais regionais federais do Pa\u00eds. Quase 50% das vagas em cinco tribunais foram aprovadas pela C\u00e2mara dos Deputados, al\u00e9m de ter sido criado o Tribunal Regional Federal da 6\u00aa Regi\u00e3o, em Minas Gerais. Em um momento que o Governo Bolsonaro reclama de insufici\u00eancia de recursos, novas nomea\u00e7\u00f5es no Judici\u00e1rio representam ainda mais custos com pessoal na esfera federal. Setores do meio jur\u00eddico temem que&hellip;<\/p>\n","protected":false},"author":1,"featured_media":23387,"comment_status":"open","ping_status":"open","sticky":false,"template":"","format":"standard","meta":{"footnotes":""},"categories":[1],"tags":[],"class_list":["post-23386","post","type-post","status-publish","format-standard","has-post-thumbnail","hentry","category-noticias"],"_links":{"self":[{"href":"https:\/\/blogdorogeriogomes.com.br\/noticias\/wp-json\/wp\/v2\/posts\/23386","targetHints":{"allow":["GET"]}}],"collection":[{"href":"https:\/\/blogdorogeriogomes.com.br\/noticias\/wp-json\/wp\/v2\/posts"}],"about":[{"href":"https:\/\/blogdorogeriogomes.com.br\/noticias\/wp-json\/wp\/v2\/types\/post"}],"author":[{"embeddable":true,"href":"https:\/\/blogdorogeriogomes.com.br\/noticias\/wp-json\/wp\/v2\/users\/1"}],"replies":[{"embeddable":true,"href":"https:\/\/blogdorogeriogomes.com.br\/noticias\/wp-json\/wp\/v2\/comments?post=23386"}],"version-history":[{"count":1,"href":"https:\/\/blogdorogeriogomes.com.br\/noticias\/wp-json\/wp\/v2\/posts\/23386\/revisions"}],"predecessor-version":[{"id":23388,"href":"https:\/\/blogdorogeriogomes.com.br\/noticias\/wp-json\/wp\/v2\/posts\/23386\/revisions\/23388"}],"wp:featuredmedia":[{"embeddable":true,"href":"https:\/\/blogdorogeriogomes.com.br\/noticias\/wp-json\/wp\/v2\/media\/23387"}],"wp:attachment":[{"href":"https:\/\/blogdorogeriogomes.com.br\/noticias\/wp-json\/wp\/v2\/media?parent=23386"}],"wp:term":[{"taxonomy":"category","embeddable":true,"href":"https:\/\/blogdorogeriogomes.com.br\/noticias\/wp-json\/wp\/v2\/categories?post=23386"},{"taxonomy":"post_tag","embeddable":true,"href":"https:\/\/blogdorogeriogomes.com.br\/noticias\/wp-json\/wp\/v2\/tags?post=23386"}],"curies":[{"name":"wp","href":"https:\/\/api.w.org\/{rel}","templated":true}]}}