{"id":23389,"date":"2021-11-11T18:04:35","date_gmt":"2021-11-11T18:04:35","guid":{"rendered":"https:\/\/blogdorogeriogomes.com.br\/?p=23389"},"modified":"2021-11-11T20:23:28","modified_gmt":"2021-11-11T20:23:28","slug":"roberto-claudio-defende-em-palestra-na-cdl-a-uniao-dos-diversos-setores-para-a-recuperacao-economica-no-ceara","status":"publish","type":"post","link":"https:\/\/blogdorogeriogomes.com.br\/noticias\/2021\/11\/roberto-claudio-defende-em-palestra-na-cdl-a-uniao-dos-diversos-setores-para-a-recuperacao-economica-no-ceara\/","title":{"rendered":"Roberto Cl\u00e1udio defende em palestra na CDL a uni\u00e3o dos diversos setores para a recupera\u00e7\u00e3o econ\u00f4mica no Cear\u00e1"},"content":{"rendered":"\n<p>O ex-prefeito de Fortaleza, Roberto Cl\u00e1udio (PDT), defendeu a uni\u00e3o dos diversos setores  para acelerar a recupera\u00e7\u00e3o econ\u00f4mica no Cear\u00e1 nesse momento de p\u00f3s pandemia da Covid-19. Ele foi o palestrante em um encontro com empres\u00e1rios nesta quinta-feira, dia 11 de novembro, na C\u00e2mara de Dirigentes Lojistas de Fortaleza (CDL), a convite do presidente da entidade Assis Cavalcante (na foto). &#8220;O momento \u00e9 de uni\u00e3o at\u00e9 de quem pensa politicamente diferente&#8221;, destacou o pedetista.<\/p>\n\n\n\n<p>Ap\u00f3s deixar a Prefeitura de Fortaleza em 2020, Roberto Cl\u00e1udio passou um per\u00edodo em S\u00e3o Paulo, onde estudou sobre economia na pol\u00edtica p\u00fablica. Agora, de volta \u00e0 Capital, o ex-prefeito tem viajado para o interior do Estado para conhecer as atuais necessidades  dos munic\u00edpios. Roberto Cl\u00e1udio \u00e9 um dos pr\u00e9 candidatos do PDT ao Governo do Estado em 2022. &#8220;No momento certo, o partido vai decidir quem ser\u00e1 o candidato. O nome, \u00e9 claro, vai passar pela lideran\u00e7a do atual governador Camilo Santana, que \u00e9 hoje um dos mais bem avaliados do Brasil&#8221;, ressaltou Roberto Cl\u00e1udio.<\/p>\n\n\n\n<figure class=\"wp-block-image size-large\"><img loading=\"lazy\" decoding=\"async\" width=\"1024\" height=\"855\" src=\"https:\/\/blogdorogeriogomes.com.br\/wp-content\/uploads\/2021\/11\/IMG_20211111_1250426033-1024x855.jpg\" alt=\"\" class=\"wp-image-23392\" srcset=\"https:\/\/blogdorogeriogomes.com.br\/noticias\/wp-content\/uploads\/2021\/11\/IMG_20211111_1250426033-1024x855.jpg 1024w, https:\/\/blogdorogeriogomes.com.br\/noticias\/wp-content\/uploads\/2021\/11\/IMG_20211111_1250426033-300x250.jpg 300w, https:\/\/blogdorogeriogomes.com.br\/noticias\/wp-content\/uploads\/2021\/11\/IMG_20211111_1250426033-768x641.jpg 768w, https:\/\/blogdorogeriogomes.com.br\/noticias\/wp-content\/uploads\/2021\/11\/IMG_20211111_1250426033-1536x1282.jpg 1536w, https:\/\/blogdorogeriogomes.com.br\/noticias\/wp-content\/uploads\/2021\/11\/IMG_20211111_1250426033-800x668.jpg 800w, https:\/\/blogdorogeriogomes.com.br\/noticias\/wp-content\/uploads\/2021\/11\/IMG_20211111_1250426033.jpg 1887w\" sizes=\"auto, (max-width: 1024px) 100vw, 1024px\" \/><\/figure>\n\n\n\n<p><\/p>\n","protected":false},"excerpt":{"rendered":"<p>O ex-prefeito de Fortaleza, Roberto Cl\u00e1udio (PDT), defendeu a uni\u00e3o dos diversos setores para acelerar a recupera\u00e7\u00e3o econ\u00f4mica no Cear\u00e1 nesse momento de p\u00f3s pandemia da Covid-19. Ele foi o palestrante em um encontro com empres\u00e1rios nesta quinta-feira, dia 11 de novembro, na C\u00e2mara de Dirigentes Lojistas de Fortaleza (CDL), a convite do presidente da entidade Assis Cavalcante (na foto). &#8220;O momento \u00e9 de uni\u00e3o at\u00e9 de quem pensa politicamente diferente&#8221;, destacou o pedetista. Ap\u00f3s deixar a Prefeitura de&hellip;<\/p>\n","protected":false},"author":1,"featured_media":23392,"comment_status":"open","ping_status":"open","sticky":false,"template":"","format":"standard","meta":{"footnotes":""},"categories":[1],"tags":[],"class_list":["post-23389","post","type-post","status-publish","format-standard","has-post-thumbnail","hentry","category-noticias"],"_links":{"self":[{"href":"https:\/\/blogdorogeriogomes.com.br\/noticias\/wp-json\/wp\/v2\/posts\/23389","targetHints":{"allow":["GET"]}}],"collection":[{"href":"https:\/\/blogdorogeriogomes.com.br\/noticias\/wp-json\/wp\/v2\/posts"}],"about":[{"href":"https:\/\/blogdorogeriogomes.com.br\/noticias\/wp-json\/wp\/v2\/types\/post"}],"author":[{"embeddable":true,"href":"https:\/\/blogdorogeriogomes.com.br\/noticias\/wp-json\/wp\/v2\/users\/1"}],"replies":[{"embeddable":true,"href":"https:\/\/blogdorogeriogomes.com.br\/noticias\/wp-json\/wp\/v2\/comments?post=23389"}],"version-history":[{"count":2,"href":"https:\/\/blogdorogeriogomes.com.br\/noticias\/wp-json\/wp\/v2\/posts\/23389\/revisions"}],"predecessor-version":[{"id":23394,"href":"https:\/\/blogdorogeriogomes.com.br\/noticias\/wp-json\/wp\/v2\/posts\/23389\/revisions\/23394"}],"wp:featuredmedia":[{"embeddable":true,"href":"https:\/\/blogdorogeriogomes.com.br\/noticias\/wp-json\/wp\/v2\/media\/23392"}],"wp:attachment":[{"href":"https:\/\/blogdorogeriogomes.com.br\/noticias\/wp-json\/wp\/v2\/media?parent=23389"}],"wp:term":[{"taxonomy":"category","embeddable":true,"href":"https:\/\/blogdorogeriogomes.com.br\/noticias\/wp-json\/wp\/v2\/categories?post=23389"},{"taxonomy":"post_tag","embeddable":true,"href":"https:\/\/blogdorogeriogomes.com.br\/noticias\/wp-json\/wp\/v2\/tags?post=23389"}],"curies":[{"name":"wp","href":"https:\/\/api.w.org\/{rel}","templated":true}]}}