{"id":23396,"date":"2021-11-11T23:20:57","date_gmt":"2021-11-11T23:20:57","guid":{"rendered":"https:\/\/blogdorogeriogomes.com.br\/?p=23396"},"modified":"2021-11-11T23:21:00","modified_gmt":"2021-11-11T23:21:00","slug":"vereadores-de-fortaleza-aprovam-emprestimo-de-r-100-milhoes-para-obras-de-infraestrutura","status":"publish","type":"post","link":"https:\/\/blogdorogeriogomes.com.br\/noticias\/2021\/11\/vereadores-de-fortaleza-aprovam-emprestimo-de-r-100-milhoes-para-obras-de-infraestrutura\/","title":{"rendered":"Vereadores de Fortaleza aprovam empr\u00e9stimo de R$ 100 milh\u00f5es para obras de infraestrutura"},"content":{"rendered":"\n<p>A C\u00e2mara Municipal de Fortaleza autorizou, nesta quinta-feira, dia 11 de novembro, que a Prefeitura de Fortaleza possa contratar uma opera\u00e7\u00e3o de cr\u00e9dito no valor de R$ 100 milh\u00f5es junto \u00e0 Caixa Econ\u00f4mica Federal. Os recursos ser\u00e3o utilizados para obras de infraestrutura na Capital.<\/p>\n\n\n\n<p>O projeto da Prefeitura da Capital foi aprovado em reda\u00e7\u00e3o final nesta quinta-feira e vai possibilitar que o Munic\u00edpio execute a amplia\u00e7\u00e3o e constru\u00e7\u00e3o de novos equipamentos de sa\u00fade. O dinheiro tamb\u00e9m ser\u00e1 destinado para melhorias de equipamentos comunit\u00e1rios e esportivos, al\u00e9m de servi\u00e7os de pavimenta\u00e7\u00e3o e drenagem em vias de Fortaleza.<div> <\/div><\/p>\n\n\n\n<figure class=\"wp-block-image size-large\"><img loading=\"lazy\" decoding=\"async\" width=\"800\" height=\"533\" src=\"https:\/\/blogdorogeriogomes.com.br\/wp-content\/uploads\/2021\/11\/1-10.jpg\" alt=\"\" class=\"wp-image-23397\" srcset=\"https:\/\/blogdorogeriogomes.com.br\/noticias\/wp-content\/uploads\/2021\/11\/1-10.jpg 800w, https:\/\/blogdorogeriogomes.com.br\/noticias\/wp-content\/uploads\/2021\/11\/1-10-300x200.jpg 300w, https:\/\/blogdorogeriogomes.com.br\/noticias\/wp-content\/uploads\/2021\/11\/1-10-768x512.jpg 768w\" sizes=\"auto, (max-width: 800px) 100vw, 800px\" \/><\/figure>\n","protected":false},"excerpt":{"rendered":"<p>A C\u00e2mara Municipal de Fortaleza autorizou, nesta quinta-feira, dia 11 de novembro, que a Prefeitura de Fortaleza possa contratar uma opera\u00e7\u00e3o de cr\u00e9dito no valor de R$ 100 milh\u00f5es junto \u00e0 Caixa Econ\u00f4mica Federal. Os recursos ser\u00e3o utilizados para obras de infraestrutura na Capital. O projeto da Prefeitura da Capital foi aprovado em reda\u00e7\u00e3o final nesta quinta-feira e vai possibilitar que o Munic\u00edpio execute a amplia\u00e7\u00e3o e constru\u00e7\u00e3o de novos equipamentos de sa\u00fade. O dinheiro tamb\u00e9m ser\u00e1 destinado para&hellip;<\/p>\n","protected":false},"author":1,"featured_media":0,"comment_status":"open","ping_status":"open","sticky":false,"template":"","format":"standard","meta":{"footnotes":""},"categories":[1],"tags":[],"class_list":["post-23396","post","type-post","status-publish","format-standard","hentry","category-noticias"],"_links":{"self":[{"href":"https:\/\/blogdorogeriogomes.com.br\/noticias\/wp-json\/wp\/v2\/posts\/23396","targetHints":{"allow":["GET"]}}],"collection":[{"href":"https:\/\/blogdorogeriogomes.com.br\/noticias\/wp-json\/wp\/v2\/posts"}],"about":[{"href":"https:\/\/blogdorogeriogomes.com.br\/noticias\/wp-json\/wp\/v2\/types\/post"}],"author":[{"embeddable":true,"href":"https:\/\/blogdorogeriogomes.com.br\/noticias\/wp-json\/wp\/v2\/users\/1"}],"replies":[{"embeddable":true,"href":"https:\/\/blogdorogeriogomes.com.br\/noticias\/wp-json\/wp\/v2\/comments?post=23396"}],"version-history":[{"count":1,"href":"https:\/\/blogdorogeriogomes.com.br\/noticias\/wp-json\/wp\/v2\/posts\/23396\/revisions"}],"predecessor-version":[{"id":23398,"href":"https:\/\/blogdorogeriogomes.com.br\/noticias\/wp-json\/wp\/v2\/posts\/23396\/revisions\/23398"}],"wp:attachment":[{"href":"https:\/\/blogdorogeriogomes.com.br\/noticias\/wp-json\/wp\/v2\/media?parent=23396"}],"wp:term":[{"taxonomy":"category","embeddable":true,"href":"https:\/\/blogdorogeriogomes.com.br\/noticias\/wp-json\/wp\/v2\/categories?post=23396"},{"taxonomy":"post_tag","embeddable":true,"href":"https:\/\/blogdorogeriogomes.com.br\/noticias\/wp-json\/wp\/v2\/tags?post=23396"}],"curies":[{"name":"wp","href":"https:\/\/api.w.org\/{rel}","templated":true}]}}