{"id":23399,"date":"2021-11-12T00:11:26","date_gmt":"2021-11-12T00:11:26","guid":{"rendered":"https:\/\/blogdorogeriogomes.com.br\/?p=23399"},"modified":"2021-11-13T21:52:04","modified_gmt":"2021-11-13T21:52:04","slug":"governo-do-estado-e-prefeitura-de-fortaleza-autorizam-a-construcao-do-ramal-aeroporto-do-vlt-parangaba-mucuripe","status":"publish","type":"post","link":"https:\/\/blogdorogeriogomes.com.br\/noticias\/2021\/11\/governo-do-estado-e-prefeitura-de-fortaleza-autorizam-a-construcao-do-ramal-aeroporto-do-vlt-parangaba-mucuripe\/","title":{"rendered":"Governo do Estado e Prefeitura de Fortaleza autorizam a constru\u00e7\u00e3o do ramal Aeroporto do VLT Parangaba-Mucuripe"},"content":{"rendered":"\n<p>O governador Camilo Santana assinou, nesta quinta-feira, dia 11 de novembro, a ordem de servi\u00e7o para a constru\u00e7\u00e3o do ramal que ligar\u00e1 o VLT Parangaba-Mucuripe ao Aeroporto Internacional de Fortaleza. Com obras j\u00e1 iniciadas, o novo ramal inclui a constru\u00e7\u00e3o de esta\u00e7\u00f5es em frente ao Aeroporto e na Avenida dos Expedicion\u00e1rios. Participaram da assinatura o prefeito de Fortaleza, Jos\u00e9 Sarto; o secret\u00e1rio da Infraestrutura, Lucio Gomes; e o diretor-presidente do Metr\u00f4 de Fortaleza, Igor Ponte.<\/p>\n\n\n\n<p>O ramal Aeroporto ter\u00e1 2,65 km de extens\u00e3o, sendo 0,9 km em elevado. As novas esta\u00e7\u00f5es estar\u00e3o localizadas em uma futura pra\u00e7a, a ser constru\u00edda na Avenida dos Expedicion\u00e1rios, e a outra, em frente ao Aeroporto Pinto Martins. Integrada \u00e0 primeira esta\u00e7\u00e3o, tamb\u00e9m ser\u00e1 constru\u00edda uma nova, a 11\u00aa do VLT Parangaba-Mucuripe, e ficar\u00e1 entre as esta\u00e7\u00f5es Montese e Vila Uni\u00e3o, j\u00e1 existentes. J\u00e1 a Esta\u00e7\u00e3o Aeroporto, que ser\u00e1 elevada, se localizar\u00e1 na Av. Senador Carlos Jereissati, se interligando \u00e0 passarela j\u00e1 existente sobre a via, com acesso por meio de escadas fixas, rampas e elevador. A previs\u00e3o \u00e9 de conclus\u00e3o em 2022. O investimento previsto \u00e9 de R$ 39 milh\u00f5es.<\/p>\n\n\n\n<figure class=\"wp-block-image size-large\"><img loading=\"lazy\" decoding=\"async\" width=\"1024\" height=\"683\" src=\"https:\/\/blogdorogeriogomes.com.br\/wp-content\/uploads\/2021\/11\/211111_VLT-AEROPORTO_TF6919-1-1200x800-1-1024x683.jpg\" alt=\"\" class=\"wp-image-23400\" srcset=\"https:\/\/blogdorogeriogomes.com.br\/noticias\/wp-content\/uploads\/2021\/11\/211111_VLT-AEROPORTO_TF6919-1-1200x800-1-1024x683.jpg 1024w, https:\/\/blogdorogeriogomes.com.br\/noticias\/wp-content\/uploads\/2021\/11\/211111_VLT-AEROPORTO_TF6919-1-1200x800-1-300x200.jpg 300w, https:\/\/blogdorogeriogomes.com.br\/noticias\/wp-content\/uploads\/2021\/11\/211111_VLT-AEROPORTO_TF6919-1-1200x800-1-768x512.jpg 768w, https:\/\/blogdorogeriogomes.com.br\/noticias\/wp-content\/uploads\/2021\/11\/211111_VLT-AEROPORTO_TF6919-1-1200x800-1-800x533.jpg 800w, https:\/\/blogdorogeriogomes.com.br\/noticias\/wp-content\/uploads\/2021\/11\/211111_VLT-AEROPORTO_TF6919-1-1200x800-1.jpg 1200w\" sizes=\"auto, (max-width: 1024px) 100vw, 1024px\" \/><\/figure>\n","protected":false},"excerpt":{"rendered":"<p>O governador Camilo Santana assinou, nesta quinta-feira, dia 11 de novembro, a ordem de servi\u00e7o para a constru\u00e7\u00e3o do ramal que ligar\u00e1 o VLT Parangaba-Mucuripe ao Aeroporto Internacional de Fortaleza. Com obras j\u00e1 iniciadas, o novo ramal inclui a constru\u00e7\u00e3o de esta\u00e7\u00f5es em frente ao Aeroporto e na Avenida dos Expedicion\u00e1rios. Participaram da assinatura o prefeito de Fortaleza, Jos\u00e9 Sarto; o secret\u00e1rio da Infraestrutura, Lucio Gomes; e o diretor-presidente do Metr\u00f4 de Fortaleza, Igor Ponte. O ramal Aeroporto ter\u00e1&hellip;<\/p>\n","protected":false},"author":1,"featured_media":23400,"comment_status":"open","ping_status":"open","sticky":false,"template":"","format":"standard","meta":{"footnotes":""},"categories":[1],"tags":[],"class_list":["post-23399","post","type-post","status-publish","format-standard","has-post-thumbnail","hentry","category-noticias"],"_links":{"self":[{"href":"https:\/\/blogdorogeriogomes.com.br\/noticias\/wp-json\/wp\/v2\/posts\/23399","targetHints":{"allow":["GET"]}}],"collection":[{"href":"https:\/\/blogdorogeriogomes.com.br\/noticias\/wp-json\/wp\/v2\/posts"}],"about":[{"href":"https:\/\/blogdorogeriogomes.com.br\/noticias\/wp-json\/wp\/v2\/types\/post"}],"author":[{"embeddable":true,"href":"https:\/\/blogdorogeriogomes.com.br\/noticias\/wp-json\/wp\/v2\/users\/1"}],"replies":[{"embeddable":true,"href":"https:\/\/blogdorogeriogomes.com.br\/noticias\/wp-json\/wp\/v2\/comments?post=23399"}],"version-history":[{"count":1,"href":"https:\/\/blogdorogeriogomes.com.br\/noticias\/wp-json\/wp\/v2\/posts\/23399\/revisions"}],"predecessor-version":[{"id":23401,"href":"https:\/\/blogdorogeriogomes.com.br\/noticias\/wp-json\/wp\/v2\/posts\/23399\/revisions\/23401"}],"wp:featuredmedia":[{"embeddable":true,"href":"https:\/\/blogdorogeriogomes.com.br\/noticias\/wp-json\/wp\/v2\/media\/23400"}],"wp:attachment":[{"href":"https:\/\/blogdorogeriogomes.com.br\/noticias\/wp-json\/wp\/v2\/media?parent=23399"}],"wp:term":[{"taxonomy":"category","embeddable":true,"href":"https:\/\/blogdorogeriogomes.com.br\/noticias\/wp-json\/wp\/v2\/categories?post=23399"},{"taxonomy":"post_tag","embeddable":true,"href":"https:\/\/blogdorogeriogomes.com.br\/noticias\/wp-json\/wp\/v2\/tags?post=23399"}],"curies":[{"name":"wp","href":"https:\/\/api.w.org\/{rel}","templated":true}]}}