{"id":23409,"date":"2021-11-12T22:24:15","date_gmt":"2021-11-12T22:24:15","guid":{"rendered":"https:\/\/blogdorogeriogomes.com.br\/?p=23409"},"modified":"2021-11-13T21:51:43","modified_gmt":"2021-11-13T21:51:43","slug":"maternidade-escola-da-ufc-vai-realizar-semana-da-prematuridade-em-novembro","status":"publish","type":"post","link":"https:\/\/blogdorogeriogomes.com.br\/noticias\/2021\/11\/maternidade-escola-da-ufc-vai-realizar-semana-da-prematuridade-em-novembro\/","title":{"rendered":"Maternidade Escola da UFC vai realizar Semana da Prematuridade em novembro"},"content":{"rendered":"\n<p>O dia 17 de novembro \u00e9 considerado o Dia Mundial da Prematuridade. Beb\u00eas prematuros s\u00e3o aqueles que nascem com menos de 37 semanas de gesta\u00e7\u00e3o. No Brasil, cerca de 12% dos nascimentos ocorrem prematuramente. Na Maternidade-Escola Assis Chateaubriand (MEAC), do Complexo Hospitalar da UFC\/Ebserh, em Fortaleza, essa taxa \u00e9 ainda maior, chegando a 25%, devido ao perfil da institui\u00e7\u00e3o, que \u00e9 refer\u00eancia em gesta\u00e7\u00e3o de alto risco.<\/p>\n\n\n\n<p>A MEAC realizar\u00e1, entre os 16 a 19 de novembro, a Semana da Prematuridade, sob o tema \u201cSepara\u00e7\u00e3o zero &#8211; Aja agora! Mantenha pais e beb\u00eas prematuros juntos\u201d. As boas pr\u00e1ticas durante a interna\u00e7\u00e3o fazem toda a diferen\u00e7a na recupera\u00e7\u00e3o do prematuro.&nbsp;<\/p>\n\n\n\n<p>O objetivo da Semana da Prematuridade \u00e9 chamar a aten\u00e7\u00e3o da sociedade sobre como prevenir e lidar com o parto e beb\u00ea prematuros. Na programa\u00e7\u00e3o, est\u00e3o previstas mais de 40 atividades como palestras, oficinas, exposi\u00e7\u00f5es, gincana, rodas de conversa e jogos.&nbsp;<\/p>\n\n\n\n<figure class=\"wp-block-image size-large\"><img loading=\"lazy\" decoding=\"async\" width=\"576\" height=\"768\" src=\"https:\/\/blogdorogeriogomes.com.br\/wp-content\/uploads\/2021\/11\/39b9baa5-81dc-4978-879c-60dad8e1616b.jpeg\" alt=\"\" class=\"wp-image-23410\" srcset=\"https:\/\/blogdorogeriogomes.com.br\/noticias\/wp-content\/uploads\/2021\/11\/39b9baa5-81dc-4978-879c-60dad8e1616b.jpeg 576w, https:\/\/blogdorogeriogomes.com.br\/noticias\/wp-content\/uploads\/2021\/11\/39b9baa5-81dc-4978-879c-60dad8e1616b-225x300.jpeg 225w\" sizes=\"auto, (max-width: 576px) 100vw, 576px\" \/><\/figure>\n","protected":false},"excerpt":{"rendered":"<p>O dia 17 de novembro \u00e9 considerado o Dia Mundial da Prematuridade. Beb\u00eas prematuros s\u00e3o aqueles que nascem com menos de 37 semanas de gesta\u00e7\u00e3o. No Brasil, cerca de 12% dos nascimentos ocorrem prematuramente. Na Maternidade-Escola Assis Chateaubriand (MEAC), do Complexo Hospitalar da UFC\/Ebserh, em Fortaleza, essa taxa \u00e9 ainda maior, chegando a 25%, devido ao perfil da institui\u00e7\u00e3o, que \u00e9 refer\u00eancia em gesta\u00e7\u00e3o de alto risco. A MEAC realizar\u00e1, entre os 16 a 19 de novembro, a Semana&hellip;<\/p>\n","protected":false},"author":1,"featured_media":23410,"comment_status":"open","ping_status":"open","sticky":false,"template":"","format":"standard","meta":{"footnotes":""},"categories":[1],"tags":[],"class_list":["post-23409","post","type-post","status-publish","format-standard","has-post-thumbnail","hentry","category-noticias"],"_links":{"self":[{"href":"https:\/\/blogdorogeriogomes.com.br\/noticias\/wp-json\/wp\/v2\/posts\/23409","targetHints":{"allow":["GET"]}}],"collection":[{"href":"https:\/\/blogdorogeriogomes.com.br\/noticias\/wp-json\/wp\/v2\/posts"}],"about":[{"href":"https:\/\/blogdorogeriogomes.com.br\/noticias\/wp-json\/wp\/v2\/types\/post"}],"author":[{"embeddable":true,"href":"https:\/\/blogdorogeriogomes.com.br\/noticias\/wp-json\/wp\/v2\/users\/1"}],"replies":[{"embeddable":true,"href":"https:\/\/blogdorogeriogomes.com.br\/noticias\/wp-json\/wp\/v2\/comments?post=23409"}],"version-history":[{"count":2,"href":"https:\/\/blogdorogeriogomes.com.br\/noticias\/wp-json\/wp\/v2\/posts\/23409\/revisions"}],"predecessor-version":[{"id":23419,"href":"https:\/\/blogdorogeriogomes.com.br\/noticias\/wp-json\/wp\/v2\/posts\/23409\/revisions\/23419"}],"wp:featuredmedia":[{"embeddable":true,"href":"https:\/\/blogdorogeriogomes.com.br\/noticias\/wp-json\/wp\/v2\/media\/23410"}],"wp:attachment":[{"href":"https:\/\/blogdorogeriogomes.com.br\/noticias\/wp-json\/wp\/v2\/media?parent=23409"}],"wp:term":[{"taxonomy":"category","embeddable":true,"href":"https:\/\/blogdorogeriogomes.com.br\/noticias\/wp-json\/wp\/v2\/categories?post=23409"},{"taxonomy":"post_tag","embeddable":true,"href":"https:\/\/blogdorogeriogomes.com.br\/noticias\/wp-json\/wp\/v2\/tags?post=23409"}],"curies":[{"name":"wp","href":"https:\/\/api.w.org\/{rel}","templated":true}]}}