{"id":23412,"date":"2021-11-13T13:06:54","date_gmt":"2021-11-13T13:06:54","guid":{"rendered":"https:\/\/blogdorogeriogomes.com.br\/?p=23412"},"modified":"2021-11-13T21:51:35","modified_gmt":"2021-11-13T21:51:35","slug":"marcelo-queiroga-critica-passaporte-da-vacina-no-ceara-e-leva-invertida-de-camilo-santana","status":"publish","type":"post","link":"https:\/\/blogdorogeriogomes.com.br\/noticias\/2021\/11\/marcelo-queiroga-critica-passaporte-da-vacina-no-ceara-e-leva-invertida-de-camilo-santana\/","title":{"rendered":"Marcelo Queiroga critica passaporte da vacina no Cear\u00e1 e leva invertida de Camilo Santana"},"content":{"rendered":"\n<p>Em passagem pelo Cear\u00e1 nesta sexta-feira, dia 12 de novembro, para um evento na Associa\u00e7\u00e3o Peter Pan, o ministro da Sa\u00fade, Marcelo Queiroga, criticou a ado\u00e7\u00e3o do passaporte da vacina\u00e7\u00e3o no Estado pelo Governo do Cear\u00e1. Classificou a medida de &#8220;absolutamente desnecess\u00e1rio&#8221;. Nada a estranhar para um ministro que fala aos &#8220;quatro cantos&#8221; que n\u00e3o se precisa mais usar m\u00e1scaras de prote\u00e7\u00e3o e que m\u00e9dicos podem utilizar rem\u00e9dios sem efic\u00e1cia para o tratamento da Covid-19.<\/p>\n\n\n\n<p>Marcelo Queiroga endossa o discurso do presidente Jair Bolsonaro com dois prop\u00f3sitos: se manter no cargo de Ministro da Sa\u00fade a qualquer custo, mesmo se for para ir contra os princ\u00edpios da Ci\u00eancia, e se lan\u00e7ar politicamente no seu estado, a Para\u00edba, onde almeja sair candidato a governador em 2022. O compromisso como m\u00e9dico passa \u00e9 longe.<\/p>\n\n\n\n<p>Camilo Santana n\u00e3o deixou por menos. Respondeu a Marcelo Queiroga, sem citar o nome do ministro: &#8220;Sobre o Passaporte da Vacina, reafirmo o que sempre disse desde o in\u00edcio da pandemia: jamais terei medo de tomar qualquer medida que seja necess\u00e1ria para salvar vidas. Sempre seguindo a Ci\u00eancia e, jamais, os negacionistas\u201d.<\/p>\n\n\n\n<figure class=\"wp-block-image size-large\"><img loading=\"lazy\" decoding=\"async\" width=\"418\" height=\"314\" src=\"https:\/\/blogdorogeriogomes.com.br\/wp-content\/uploads\/2021\/11\/Queiroga.jpg\" alt=\"\" class=\"wp-image-23413\" srcset=\"https:\/\/blogdorogeriogomes.com.br\/noticias\/wp-content\/uploads\/2021\/11\/Queiroga.jpg 418w, https:\/\/blogdorogeriogomes.com.br\/noticias\/wp-content\/uploads\/2021\/11\/Queiroga-300x225.jpg 300w, https:\/\/blogdorogeriogomes.com.br\/noticias\/wp-content\/uploads\/2021\/11\/Queiroga-400x300.jpg 400w\" sizes=\"auto, (max-width: 418px) 100vw, 418px\" \/><\/figure>\n","protected":false},"excerpt":{"rendered":"<p>Em passagem pelo Cear\u00e1 nesta sexta-feira, dia 12 de novembro, para um evento na Associa\u00e7\u00e3o Peter Pan, o ministro da Sa\u00fade, Marcelo Queiroga, criticou a ado\u00e7\u00e3o do passaporte da vacina\u00e7\u00e3o no Estado pelo Governo do Cear\u00e1. Classificou a medida de &#8220;absolutamente desnecess\u00e1rio&#8221;. Nada a estranhar para um ministro que fala aos &#8220;quatro cantos&#8221; que n\u00e3o se precisa mais usar m\u00e1scaras de prote\u00e7\u00e3o e que m\u00e9dicos podem utilizar rem\u00e9dios sem efic\u00e1cia para o tratamento da Covid-19. Marcelo Queiroga endossa o&hellip;<\/p>\n","protected":false},"author":1,"featured_media":23413,"comment_status":"open","ping_status":"open","sticky":false,"template":"","format":"standard","meta":{"footnotes":""},"categories":[1],"tags":[],"class_list":["post-23412","post","type-post","status-publish","format-standard","has-post-thumbnail","hentry","category-noticias"],"_links":{"self":[{"href":"https:\/\/blogdorogeriogomes.com.br\/noticias\/wp-json\/wp\/v2\/posts\/23412","targetHints":{"allow":["GET"]}}],"collection":[{"href":"https:\/\/blogdorogeriogomes.com.br\/noticias\/wp-json\/wp\/v2\/posts"}],"about":[{"href":"https:\/\/blogdorogeriogomes.com.br\/noticias\/wp-json\/wp\/v2\/types\/post"}],"author":[{"embeddable":true,"href":"https:\/\/blogdorogeriogomes.com.br\/noticias\/wp-json\/wp\/v2\/users\/1"}],"replies":[{"embeddable":true,"href":"https:\/\/blogdorogeriogomes.com.br\/noticias\/wp-json\/wp\/v2\/comments?post=23412"}],"version-history":[{"count":1,"href":"https:\/\/blogdorogeriogomes.com.br\/noticias\/wp-json\/wp\/v2\/posts\/23412\/revisions"}],"predecessor-version":[{"id":23414,"href":"https:\/\/blogdorogeriogomes.com.br\/noticias\/wp-json\/wp\/v2\/posts\/23412\/revisions\/23414"}],"wp:featuredmedia":[{"embeddable":true,"href":"https:\/\/blogdorogeriogomes.com.br\/noticias\/wp-json\/wp\/v2\/media\/23413"}],"wp:attachment":[{"href":"https:\/\/blogdorogeriogomes.com.br\/noticias\/wp-json\/wp\/v2\/media?parent=23412"}],"wp:term":[{"taxonomy":"category","embeddable":true,"href":"https:\/\/blogdorogeriogomes.com.br\/noticias\/wp-json\/wp\/v2\/categories?post=23412"},{"taxonomy":"post_tag","embeddable":true,"href":"https:\/\/blogdorogeriogomes.com.br\/noticias\/wp-json\/wp\/v2\/tags?post=23412"}],"curies":[{"name":"wp","href":"https:\/\/api.w.org\/{rel}","templated":true}]}}