{"id":23415,"date":"2021-11-13T13:42:33","date_gmt":"2021-11-13T13:42:33","guid":{"rendered":"https:\/\/blogdorogeriogomes.com.br\/?p=23415"},"modified":"2021-11-16T13:00:39","modified_gmt":"2021-11-16T13:00:39","slug":"lula-realiza-encontros-politicos-na-europa-na-alemanha-se-reuniu-com-o-futuro-chanceler-que-substituira-angela-merkel","status":"publish","type":"post","link":"https:\/\/blogdorogeriogomes.com.br\/noticias\/2021\/11\/lula-realiza-encontros-politicos-na-europa-na-alemanha-se-reuniu-com-o-futuro-chanceler-que-substituira-angela-merkel\/","title":{"rendered":"Lula realiza encontros pol\u00edticos na Europa. Na Alemanha se reuniu com o futuro chanceler que substituir\u00e1 Angela Merkel"},"content":{"rendered":"\n<p>O ex-presidente Lula (PT), que lidera todas as pesquisas eleitorais para a disputa presidencial em 2022, est\u00e1 em viagem para a Europa onde participa de uma s\u00e9rie de encontros com lideran\u00e7as pol\u00edticas. Nesta sexta-feira, dia 12 de novembro, o petista teve uma reuni\u00e3o com Olaf Sholz, futuro chanceler da Alemanha. O l\u00edder do partido social-democrata venceu as elei\u00e7\u00f5es de setembro e substituir\u00e1 Angela Merkel, que ficou 16 anos no poder. A Alemanha \u00e9 um dos fortes parceiros comerciais com o Brasil.<\/p>\n\n\n\n<p>Na quinta-feira, dia 11, Lula se reuniu&nbsp;com o presidente da Friedrich-Ebert-Stiftung eV (FES), Martin Schulz, que presidiu o Parlamento Europeu. Na agenda pela Europa, o ex-presidente ainda ir\u00e1 a B\u00e9lgica, Fran\u00e7a e Espanha.<\/p>\n\n\n\n<p>Na B\u00e9lgica, Lula participa de debate no Parlamento Europeu e re\u00fane-se com l\u00edderes sociais-democratas em Bruxelas. J\u00e1 na Fran\u00e7a, Lula integra uma confer\u00eancia sobre o Brasil no Sciences Po&nbsp;(Instituto de Estudos Pol\u00edticos de Paris), um dos centros de pesquisas mais respeitados no mundo e encontrar\u00e1 a prefeita de Paris, Anne Hidalgo. Na Espanha, Lula participa de confer\u00eancia e re\u00fane-se com pol\u00edticos de PSOE (Partido Socialista Oper\u00e1rio Espanhol) e Podemos.<\/p>\n\n\n\n<figure class=\"wp-block-image size-large\"><img loading=\"lazy\" decoding=\"async\" width=\"696\" height=\"441\" src=\"https:\/\/blogdorogeriogomes.com.br\/wp-content\/uploads\/2021\/11\/images-22.jpeg\" alt=\"\" class=\"wp-image-23416\" srcset=\"https:\/\/blogdorogeriogomes.com.br\/noticias\/wp-content\/uploads\/2021\/11\/images-22.jpeg 696w, https:\/\/blogdorogeriogomes.com.br\/noticias\/wp-content\/uploads\/2021\/11\/images-22-300x190.jpeg 300w, https:\/\/blogdorogeriogomes.com.br\/noticias\/wp-content\/uploads\/2021\/11\/images-22-320x202.jpeg 320w\" sizes=\"auto, (max-width: 696px) 100vw, 696px\" \/><\/figure>\n\n\n\n<p>Leia mais no texto original: (https:\/\/www.poder360.com.br\/internacional\/lula-se-encontra-com-chanceler-eleito-da-alemanha\/)<br>\u00a9 2021 Todos os direitos s\u00e3o reservados ao Poder360, conforme a Lei n\u00ba 9.610\/98. A publica\u00e7\u00e3o, redistribui\u00e7\u00e3o, transmiss\u00e3o e reescrita sem autoriza\u00e7\u00e3o pr\u00e9via s\u00e3o proibidas.<\/p>\n\n\n\n<p><br><\/p>\n\n\n\n<p><\/p>\n","protected":false},"excerpt":{"rendered":"<p>O ex-presidente Lula (PT), que lidera todas as pesquisas eleitorais para a disputa presidencial em 2022, est\u00e1 em viagem para a Europa onde participa de uma s\u00e9rie de encontros com lideran\u00e7as pol\u00edticas. Nesta sexta-feira, dia 12 de novembro, o petista teve uma reuni\u00e3o com Olaf Sholz, futuro chanceler da Alemanha. O l\u00edder do partido social-democrata venceu as elei\u00e7\u00f5es de setembro e substituir\u00e1 Angela Merkel, que ficou 16 anos no poder. A Alemanha \u00e9 um dos fortes parceiros comerciais com&hellip;<\/p>\n","protected":false},"author":1,"featured_media":23416,"comment_status":"open","ping_status":"open","sticky":false,"template":"","format":"standard","meta":{"footnotes":""},"categories":[1],"tags":[],"class_list":["post-23415","post","type-post","status-publish","format-standard","has-post-thumbnail","hentry","category-noticias"],"_links":{"self":[{"href":"https:\/\/blogdorogeriogomes.com.br\/noticias\/wp-json\/wp\/v2\/posts\/23415","targetHints":{"allow":["GET"]}}],"collection":[{"href":"https:\/\/blogdorogeriogomes.com.br\/noticias\/wp-json\/wp\/v2\/posts"}],"about":[{"href":"https:\/\/blogdorogeriogomes.com.br\/noticias\/wp-json\/wp\/v2\/types\/post"}],"author":[{"embeddable":true,"href":"https:\/\/blogdorogeriogomes.com.br\/noticias\/wp-json\/wp\/v2\/users\/1"}],"replies":[{"embeddable":true,"href":"https:\/\/blogdorogeriogomes.com.br\/noticias\/wp-json\/wp\/v2\/comments?post=23415"}],"version-history":[{"count":2,"href":"https:\/\/blogdorogeriogomes.com.br\/noticias\/wp-json\/wp\/v2\/posts\/23415\/revisions"}],"predecessor-version":[{"id":23418,"href":"https:\/\/blogdorogeriogomes.com.br\/noticias\/wp-json\/wp\/v2\/posts\/23415\/revisions\/23418"}],"wp:featuredmedia":[{"embeddable":true,"href":"https:\/\/blogdorogeriogomes.com.br\/noticias\/wp-json\/wp\/v2\/media\/23416"}],"wp:attachment":[{"href":"https:\/\/blogdorogeriogomes.com.br\/noticias\/wp-json\/wp\/v2\/media?parent=23415"}],"wp:term":[{"taxonomy":"category","embeddable":true,"href":"https:\/\/blogdorogeriogomes.com.br\/noticias\/wp-json\/wp\/v2\/categories?post=23415"},{"taxonomy":"post_tag","embeddable":true,"href":"https:\/\/blogdorogeriogomes.com.br\/noticias\/wp-json\/wp\/v2\/tags?post=23415"}],"curies":[{"name":"wp","href":"https:\/\/api.w.org\/{rel}","templated":true}]}}