{"id":23421,"date":"2021-11-14T01:12:32","date_gmt":"2021-11-14T01:12:32","guid":{"rendered":"https:\/\/blogdorogeriogomes.com.br\/?p=23421"},"modified":"2021-11-16T13:00:33","modified_gmt":"2021-11-16T13:00:33","slug":"pre-candidatos-do-pdt-ao-governo-do-estado-participam-de-inauguracao-no-cariri-com-camilo-santana","status":"publish","type":"post","link":"https:\/\/blogdorogeriogomes.com.br\/noticias\/2021\/11\/pre-candidatos-do-pdt-ao-governo-do-estado-participam-de-inauguracao-no-cariri-com-camilo-santana\/","title":{"rendered":"Pr\u00e9-candidatos do PDT ao Governo do Estado participam de inaugura\u00e7\u00e3o no Cariri com Camilo Santana"},"content":{"rendered":"\n<p>O Telef\u00e9rico do Caldas, importante equipamento tur\u00edstico do Sul do Cear\u00e1, foi inaugurado neste s\u00e1bado, dia 13 de novembro, em Barbalha, na Regi\u00e3o do Cariri. A obra foi executada pelo Governo do Cear\u00e1. A solenidade teve um componente pol\u00edtico forte porque reuniu o governador Camilo Santana (PT) e todos os pr\u00e9-candidatos do PDT para a disputa estadual em 2022: Roberto Cl\u00e1udio, ex-prefeito de Fortaleza, Evandro Leit\u00e3o, presidente da Assembleia Legislativa, Mauro Filho, deputado federal, e Izolda Cela, vice-governadora do Cear\u00e1.<\/p>\n\n\n\n<p>O evento pol\u00edtico em Barbalha teve tanta representatividade que at\u00e9 o presidenciavel Ciro Gomes (PDT) apareceu por l\u00e1. A costura entre PT e PDT para manter a unidade para uma candidatura para o governo do Cear\u00e1 em 2022 continua forte. Pelo menos para o que depender de Camilo Santana, que \u00e9 quem tem a &#8220;caneta na m\u00e3o&#8221;. Ou seja, \u00e9 quem comanda hoje a m\u00e1quina estadual.<\/p>\n\n\n\n<figure class=\"wp-block-image size-large\"><img loading=\"lazy\" decoding=\"async\" width=\"1024\" height=\"682\" src=\"https:\/\/blogdorogeriogomes.com.br\/wp-content\/uploads\/2021\/11\/IMG-20211113-WA0110-1024x682.jpg\" alt=\"\" class=\"wp-image-23422\" srcset=\"https:\/\/blogdorogeriogomes.com.br\/noticias\/wp-content\/uploads\/2021\/11\/IMG-20211113-WA0110-1024x682.jpg 1024w, https:\/\/blogdorogeriogomes.com.br\/noticias\/wp-content\/uploads\/2021\/11\/IMG-20211113-WA0110-300x200.jpg 300w, https:\/\/blogdorogeriogomes.com.br\/noticias\/wp-content\/uploads\/2021\/11\/IMG-20211113-WA0110-768x512.jpg 768w, https:\/\/blogdorogeriogomes.com.br\/noticias\/wp-content\/uploads\/2021\/11\/IMG-20211113-WA0110-800x533.jpg 800w, https:\/\/blogdorogeriogomes.com.br\/noticias\/wp-content\/uploads\/2021\/11\/IMG-20211113-WA0110.jpg 1280w\" sizes=\"auto, (max-width: 1024px) 100vw, 1024px\" \/><\/figure>\n\n\n\n<p><\/p>\n","protected":false},"excerpt":{"rendered":"<p>O Telef\u00e9rico do Caldas, importante equipamento tur\u00edstico do Sul do Cear\u00e1, foi inaugurado neste s\u00e1bado, dia 13 de novembro, em Barbalha, na Regi\u00e3o do Cariri. A obra foi executada pelo Governo do Cear\u00e1. A solenidade teve um componente pol\u00edtico forte porque reuniu o governador Camilo Santana (PT) e todos os pr\u00e9-candidatos do PDT para a disputa estadual em 2022: Roberto Cl\u00e1udio, ex-prefeito de Fortaleza, Evandro Leit\u00e3o, presidente da Assembleia Legislativa, Mauro Filho, deputado federal, e Izolda Cela, vice-governadora do&hellip;<\/p>\n","protected":false},"author":1,"featured_media":23422,"comment_status":"open","ping_status":"open","sticky":false,"template":"","format":"standard","meta":{"footnotes":""},"categories":[1],"tags":[],"class_list":["post-23421","post","type-post","status-publish","format-standard","has-post-thumbnail","hentry","category-noticias"],"_links":{"self":[{"href":"https:\/\/blogdorogeriogomes.com.br\/noticias\/wp-json\/wp\/v2\/posts\/23421","targetHints":{"allow":["GET"]}}],"collection":[{"href":"https:\/\/blogdorogeriogomes.com.br\/noticias\/wp-json\/wp\/v2\/posts"}],"about":[{"href":"https:\/\/blogdorogeriogomes.com.br\/noticias\/wp-json\/wp\/v2\/types\/post"}],"author":[{"embeddable":true,"href":"https:\/\/blogdorogeriogomes.com.br\/noticias\/wp-json\/wp\/v2\/users\/1"}],"replies":[{"embeddable":true,"href":"https:\/\/blogdorogeriogomes.com.br\/noticias\/wp-json\/wp\/v2\/comments?post=23421"}],"version-history":[{"count":1,"href":"https:\/\/blogdorogeriogomes.com.br\/noticias\/wp-json\/wp\/v2\/posts\/23421\/revisions"}],"predecessor-version":[{"id":23423,"href":"https:\/\/blogdorogeriogomes.com.br\/noticias\/wp-json\/wp\/v2\/posts\/23421\/revisions\/23423"}],"wp:featuredmedia":[{"embeddable":true,"href":"https:\/\/blogdorogeriogomes.com.br\/noticias\/wp-json\/wp\/v2\/media\/23422"}],"wp:attachment":[{"href":"https:\/\/blogdorogeriogomes.com.br\/noticias\/wp-json\/wp\/v2\/media?parent=23421"}],"wp:term":[{"taxonomy":"category","embeddable":true,"href":"https:\/\/blogdorogeriogomes.com.br\/noticias\/wp-json\/wp\/v2\/categories?post=23421"},{"taxonomy":"post_tag","embeddable":true,"href":"https:\/\/blogdorogeriogomes.com.br\/noticias\/wp-json\/wp\/v2\/tags?post=23421"}],"curies":[{"name":"wp","href":"https:\/\/api.w.org\/{rel}","templated":true}]}}