{"id":23428,"date":"2021-11-16T09:04:58","date_gmt":"2021-11-16T09:04:58","guid":{"rendered":"https:\/\/blogdorogeriogomes.com.br\/?p=23428"},"modified":"2021-11-16T13:00:10","modified_gmt":"2021-11-16T13:00:10","slug":"passaporte-de-vacinacao-tem-fiscalizacao-educativa-ate-a-proxima-sexta-feira-no-ceara","status":"publish","type":"post","link":"https:\/\/blogdorogeriogomes.com.br\/noticias\/2021\/11\/passaporte-de-vacinacao-tem-fiscalizacao-educativa-ate-a-proxima-sexta-feira-no-ceara\/","title":{"rendered":"Passaporte de vacina\u00e7\u00e3o tem fiscaliza\u00e7\u00e3o educativa at\u00e9 a pr\u00f3xima sexta-feira no Cear\u00e1"},"content":{"rendered":"\n<p>Para que os estabelecimentos se adequem \u00e0s novas regras de cobrar os comprovantes de vacina\u00e7\u00e3o contra a Covid-19, a Secretaria de Sa\u00fade do Cear\u00e1 estar\u00e1 realizando uma fiscaliza\u00e7\u00e3o educativa em festas, bares, restaurantes e eventos at\u00e9 a pr\u00f3xima sexta-feira, dia 19 de novembro. O novo decreto estadual de enfrentamento ao coronav\u00edrus acabou com as restri\u00e7\u00f5es de hor\u00e1rio de funcionamento dos eventos sociais, mas cobra agora o documento dos participantes comprovando que j\u00e1 se vacinaram contra a Covid-19.<\/p>\n\n\n\n<p>O&nbsp;passaporte de vacina\u00e7\u00e3o pode ser apresentado&nbsp;com o cart\u00e3o de vacina\u00e7\u00e3o, por meio digital pelo Cear\u00e1 APP, pela&nbsp;plataforma Sa\u00fade Digital, pelo&nbsp;ConecteSUS ou outra ferramenta destinada para esta comprova\u00e7\u00e3o.&nbsp;Cerca de 70% da popula\u00e7\u00e3o cearense j\u00e1 est\u00e3o com o esquema vacinal completo. Ou seja, j\u00e1 receberam as duas doses do imunizante ou a dose \u00fanica da Janssen.<\/p>\n\n\n\n<p>A partir desta ter\u00e7a-feira, dia 16, eventos sociais&nbsp;poder\u00e3o receber at\u00e9 duas mil pessoas em locais abertos no Cear\u00e1 e at\u00e9 1.200 pessoas em ambientes fechados.&nbsp;A partir de 16 de dezembro, o decreto permitir\u00e1 cinco mil pessoas em ambientes abertos e 2.500 em locais fechados.<\/p>\n\n\n\n<figure class=\"wp-block-image size-large\"><img loading=\"lazy\" decoding=\"async\" width=\"1024\" height=\"576\" src=\"https:\/\/blogdorogeriogomes.com.br\/wp-content\/uploads\/2021\/11\/vacinacao-covid-1024x576.jpg\" alt=\"\" class=\"wp-image-23429\" srcset=\"https:\/\/blogdorogeriogomes.com.br\/noticias\/wp-content\/uploads\/2021\/11\/vacinacao-covid-1024x576.jpg 1024w, https:\/\/blogdorogeriogomes.com.br\/noticias\/wp-content\/uploads\/2021\/11\/vacinacao-covid-300x169.jpg 300w, https:\/\/blogdorogeriogomes.com.br\/noticias\/wp-content\/uploads\/2021\/11\/vacinacao-covid-768x432.jpg 768w, https:\/\/blogdorogeriogomes.com.br\/noticias\/wp-content\/uploads\/2021\/11\/vacinacao-covid-800x450.jpg 800w, https:\/\/blogdorogeriogomes.com.br\/noticias\/wp-content\/uploads\/2021\/11\/vacinacao-covid.jpg 1080w\" sizes=\"auto, (max-width: 1024px) 100vw, 1024px\" \/><\/figure>\n","protected":false},"excerpt":{"rendered":"<p>Para que os estabelecimentos se adequem \u00e0s novas regras de cobrar os comprovantes de vacina\u00e7\u00e3o contra a Covid-19, a Secretaria de Sa\u00fade do Cear\u00e1 estar\u00e1 realizando uma fiscaliza\u00e7\u00e3o educativa em festas, bares, restaurantes e eventos at\u00e9 a pr\u00f3xima sexta-feira, dia 19 de novembro. O novo decreto estadual de enfrentamento ao coronav\u00edrus acabou com as restri\u00e7\u00f5es de hor\u00e1rio de funcionamento dos eventos sociais, mas cobra agora o documento dos participantes comprovando que j\u00e1 se vacinaram contra a Covid-19. O&nbsp;passaporte de&hellip;<\/p>\n","protected":false},"author":1,"featured_media":23429,"comment_status":"open","ping_status":"open","sticky":false,"template":"","format":"standard","meta":{"footnotes":""},"categories":[1],"tags":[],"class_list":["post-23428","post","type-post","status-publish","format-standard","has-post-thumbnail","hentry","category-noticias"],"_links":{"self":[{"href":"https:\/\/blogdorogeriogomes.com.br\/noticias\/wp-json\/wp\/v2\/posts\/23428","targetHints":{"allow":["GET"]}}],"collection":[{"href":"https:\/\/blogdorogeriogomes.com.br\/noticias\/wp-json\/wp\/v2\/posts"}],"about":[{"href":"https:\/\/blogdorogeriogomes.com.br\/noticias\/wp-json\/wp\/v2\/types\/post"}],"author":[{"embeddable":true,"href":"https:\/\/blogdorogeriogomes.com.br\/noticias\/wp-json\/wp\/v2\/users\/1"}],"replies":[{"embeddable":true,"href":"https:\/\/blogdorogeriogomes.com.br\/noticias\/wp-json\/wp\/v2\/comments?post=23428"}],"version-history":[{"count":2,"href":"https:\/\/blogdorogeriogomes.com.br\/noticias\/wp-json\/wp\/v2\/posts\/23428\/revisions"}],"predecessor-version":[{"id":23434,"href":"https:\/\/blogdorogeriogomes.com.br\/noticias\/wp-json\/wp\/v2\/posts\/23428\/revisions\/23434"}],"wp:featuredmedia":[{"embeddable":true,"href":"https:\/\/blogdorogeriogomes.com.br\/noticias\/wp-json\/wp\/v2\/media\/23429"}],"wp:attachment":[{"href":"https:\/\/blogdorogeriogomes.com.br\/noticias\/wp-json\/wp\/v2\/media?parent=23428"}],"wp:term":[{"taxonomy":"category","embeddable":true,"href":"https:\/\/blogdorogeriogomes.com.br\/noticias\/wp-json\/wp\/v2\/categories?post=23428"},{"taxonomy":"post_tag","embeddable":true,"href":"https:\/\/blogdorogeriogomes.com.br\/noticias\/wp-json\/wp\/v2\/tags?post=23428"}],"curies":[{"name":"wp","href":"https:\/\/api.w.org\/{rel}","templated":true}]}}