{"id":23431,"date":"2021-11-16T09:42:50","date_gmt":"2021-11-16T09:42:50","guid":{"rendered":"https:\/\/blogdorogeriogomes.com.br\/?p=23431"},"modified":"2021-11-16T12:59:59","modified_gmt":"2021-11-16T12:59:59","slug":"lula-faz-discurso-no-parlamento-europeu-e-e-aplaudido-de-pe-petista-nao-descarta-alckmin-como-vice-mas-diz-que-ainda-nao-e-hora-de-definir-nomes","status":"publish","type":"post","link":"https:\/\/blogdorogeriogomes.com.br\/noticias\/2021\/11\/lula-faz-discurso-no-parlamento-europeu-e-e-aplaudido-de-pe-petista-nao-descarta-alckmin-como-vice-mas-diz-que-ainda-nao-e-hora-de-definir-nomes\/","title":{"rendered":"Lula faz discurso  no Parlamento Europeu e \u00e9 aplaudido de p\u00e9. Petista n\u00e3o descarta Alckmin como vice, mas diz que ainda n\u00e3o \u00e9 hora de definir nomes"},"content":{"rendered":"\n<p>O ex-presidente Lula participou, nesta segunda-feira, dia 15 de novembro, da Confer\u00eancia de Alto N\u00edvel da Am\u00e9rica Latina. Depois de falar ao Parlamento Europeu, em Bruxelas, capital da B\u00e9lgica, foi aplaudido de p\u00e9 pelos eurodeputados. Lula tentou fazer um resgate do potencial brasileiro no mercado internacional. <\/p>\n\n\n\n<p>&#8220;Quem vive hoje no Brasil, ou acompanha o notici\u00e1rio sobre o pa\u00eds, tem todos os motivos para estar pessimista. Mas aonde quer que eu v\u00e1, fa\u00e7o quest\u00e3o de dizer: o Brasil tem jeito &#8211; apesar do projeto de destrui\u00e7\u00e3o colocado em pr\u00e1tica por um bando de extremistas de direita sem a menor no\u00e7\u00e3o do que seja cuidar de um pa\u00eds e de seu povo&#8221;, disse Lula.<\/p>\n\n\n\n<p>&#8220;O Brasil tem jeito, apesar dos 19 milh\u00f5es de brasileiros que passam fome. Apesar dos 19 milh\u00f5es de desempregados e desalentados, que j\u00e1 desistiram de procurar um novo emprego. Apesar dos ataques constantes contra a popula\u00e7\u00e3o negra e ind\u00edgena. Apesar do avan\u00e7o da destrui\u00e7\u00e3o do meio ambiente, inclusive na Amaz\u00f4nia. E apesar, sobretudo, das mortes de mais de 610 mil brasileiros, muitas delas evit\u00e1veis &#8211; caso houvesse por parte do atual governo o interesse em combater com seriedade o coronav\u00edrus&#8221;, completou o petista.<\/p>\n\n\n\n<p>Lula ressaltou que &#8220;o Brasil voltar\u00e1 a ser uma for\u00e7a positiva no mundo. Voltaremos a ser criadores de pol\u00edticas p\u00fablicas capazes de mudar para melhor o nosso planeta.&#8221;<\/p>\n\n\n\n<p>Sobre as especula\u00e7\u00f5es que o ainda tucano Geraldo Alckmin pode vir a ser o seu candidato a vice em 2022, Lula disse ter um \u201cprofundo respeito\u201d pelo ex-governador de S\u00e3o Paulo mas que ainda n\u00e3o vai discutir nomes para ser vice, quando ainda n\u00e3o se lan\u00e7ou como candidato \u00e0 Presid\u00eancia da Rep\u00fablica. \u201cO vice \u00e9 uma pessoa que tem que ser levado muito a s\u00e9rio na rela\u00e7\u00e3o com o presidente, porque ele pode ser presidente. Tem que ser uma pessoa que soma com o presidente e n\u00e3o que diverge do presidente\u201d, declarou.<br><\/p>\n\n\n\n<figure class=\"wp-block-image size-large\"><img loading=\"lazy\" decoding=\"async\" width=\"1024\" height=\"492\" src=\"https:\/\/blogdorogeriogomes.com.br\/wp-content\/uploads\/2021\/11\/20211115181136_643e5017-85ab-4f00-8d11-89c2a971492f-1024x492.jpg\" alt=\"\" class=\"wp-image-23432\" srcset=\"https:\/\/blogdorogeriogomes.com.br\/noticias\/wp-content\/uploads\/2021\/11\/20211115181136_643e5017-85ab-4f00-8d11-89c2a971492f-1024x492.jpg 1024w, https:\/\/blogdorogeriogomes.com.br\/noticias\/wp-content\/uploads\/2021\/11\/20211115181136_643e5017-85ab-4f00-8d11-89c2a971492f-300x144.jpg 300w, https:\/\/blogdorogeriogomes.com.br\/noticias\/wp-content\/uploads\/2021\/11\/20211115181136_643e5017-85ab-4f00-8d11-89c2a971492f-768x369.jpg 768w, https:\/\/blogdorogeriogomes.com.br\/noticias\/wp-content\/uploads\/2021\/11\/20211115181136_643e5017-85ab-4f00-8d11-89c2a971492f-800x384.jpg 800w, https:\/\/blogdorogeriogomes.com.br\/noticias\/wp-content\/uploads\/2021\/11\/20211115181136_643e5017-85ab-4f00-8d11-89c2a971492f.jpg 1250w\" sizes=\"auto, (max-width: 1024px) 100vw, 1024px\" \/><\/figure>\n\n\n\n<p><br><\/p>\n\n\n\n<p><br><\/p>\n\n\n\n<p><br><\/p>\n","protected":false},"excerpt":{"rendered":"<p>O ex-presidente Lula participou, nesta segunda-feira, dia 15 de novembro, da Confer\u00eancia de Alto N\u00edvel da Am\u00e9rica Latina. Depois de falar ao Parlamento Europeu, em Bruxelas, capital da B\u00e9lgica, foi aplaudido de p\u00e9 pelos eurodeputados. Lula tentou fazer um resgate do potencial brasileiro no mercado internacional. &#8220;Quem vive hoje no Brasil, ou acompanha o notici\u00e1rio sobre o pa\u00eds, tem todos os motivos para estar pessimista. Mas aonde quer que eu v\u00e1, fa\u00e7o quest\u00e3o de dizer: o Brasil tem jeito&hellip;<\/p>\n","protected":false},"author":1,"featured_media":23432,"comment_status":"open","ping_status":"open","sticky":false,"template":"","format":"standard","meta":{"footnotes":""},"categories":[1],"tags":[],"class_list":["post-23431","post","type-post","status-publish","format-standard","has-post-thumbnail","hentry","category-noticias"],"_links":{"self":[{"href":"https:\/\/blogdorogeriogomes.com.br\/noticias\/wp-json\/wp\/v2\/posts\/23431","targetHints":{"allow":["GET"]}}],"collection":[{"href":"https:\/\/blogdorogeriogomes.com.br\/noticias\/wp-json\/wp\/v2\/posts"}],"about":[{"href":"https:\/\/blogdorogeriogomes.com.br\/noticias\/wp-json\/wp\/v2\/types\/post"}],"author":[{"embeddable":true,"href":"https:\/\/blogdorogeriogomes.com.br\/noticias\/wp-json\/wp\/v2\/users\/1"}],"replies":[{"embeddable":true,"href":"https:\/\/blogdorogeriogomes.com.br\/noticias\/wp-json\/wp\/v2\/comments?post=23431"}],"version-history":[{"count":1,"href":"https:\/\/blogdorogeriogomes.com.br\/noticias\/wp-json\/wp\/v2\/posts\/23431\/revisions"}],"predecessor-version":[{"id":23433,"href":"https:\/\/blogdorogeriogomes.com.br\/noticias\/wp-json\/wp\/v2\/posts\/23431\/revisions\/23433"}],"wp:featuredmedia":[{"embeddable":true,"href":"https:\/\/blogdorogeriogomes.com.br\/noticias\/wp-json\/wp\/v2\/media\/23432"}],"wp:attachment":[{"href":"https:\/\/blogdorogeriogomes.com.br\/noticias\/wp-json\/wp\/v2\/media?parent=23431"}],"wp:term":[{"taxonomy":"category","embeddable":true,"href":"https:\/\/blogdorogeriogomes.com.br\/noticias\/wp-json\/wp\/v2\/categories?post=23431"},{"taxonomy":"post_tag","embeddable":true,"href":"https:\/\/blogdorogeriogomes.com.br\/noticias\/wp-json\/wp\/v2\/tags?post=23431"}],"curies":[{"name":"wp","href":"https:\/\/api.w.org\/{rel}","templated":true}]}}