{"id":23435,"date":"2021-11-16T23:12:57","date_gmt":"2021-11-16T23:12:57","guid":{"rendered":"https:\/\/blogdorogeriogomes.com.br\/?p=23435"},"modified":"2021-11-18T14:18:04","modified_gmt":"2021-11-18T14:18:04","slug":"consumo-de-cigarros-eletronicos-passa-a-ser-proibido-em-ambientes-fechados-no-ceara","status":"publish","type":"post","link":"https:\/\/blogdorogeriogomes.com.br\/noticias\/2021\/11\/consumo-de-cigarros-eletronicos-passa-a-ser-proibido-em-ambientes-fechados-no-ceara\/","title":{"rendered":"Consumo de cigarros eletr\u00f4nicos passa a ser proibido em ambientes fechados no Cear\u00e1"},"content":{"rendered":"\n<p>O Governo do Cear\u00e1 sancionou a Lei Estadual que pro\u00edbe o uso de cigarros eletr\u00f4nicos em ambientes p\u00fablicos ou privados no Cear\u00e1, que n\u00e3o possuam espa\u00e7os espec\u00edficos. A norma passou a vigorar desde o \u00faltimo dia 12 de novembro, quando foi publicada no Di\u00e1rio Oficial do Estado. A medida vale para vaporizadores, vape, e-cigarro, e-cig, e-cigarette ou qualquer outro dispositivo eletr\u00f4nico para fumar.<\/p>\n\n\n\n<p>De acordo com a san\u00e7\u00e3o do governador Camilo Santana, a Lei Estadual libera o consumo do fumo em &#8220;locais abertos ao ar livre&#8221; e em \u00e1reas exclusivas de ambientes coletivos, desde que delimitadas por barreira f\u00edsica e equipadas com solu\u00e7\u00f5es t\u00e9cnicas que permitam a exaust\u00e3o do ar.<\/p>\n\n\n\n<p>O governador Camilo Santana tamb\u00e9m anunciou nesta ter\u00e7a-feira, dia 16 de novembro, que vai realizar novos concursos p\u00fablicos em 2022. \u201cTer\u00e1 concurso para a Semace, para a Procuradoria Geral do Estado, para as tr\u00eas universidades p\u00fablicas do Estado, Uece, UVA e Urca. Ter\u00e1 concurso tamb\u00e9m para a Secretaria do Desenvolvimento Agr\u00e1rio e Secretaria da Prote\u00e7\u00e3o Social\u201d, garantiu.<\/p>\n\n\n\n<figure class=\"wp-block-image size-large\"><img loading=\"lazy\" decoding=\"async\" width=\"679\" height=\"452\" src=\"https:\/\/blogdorogeriogomes.com.br\/wp-content\/uploads\/2021\/11\/images-24.jpeg\" alt=\"\" class=\"wp-image-23436\" srcset=\"https:\/\/blogdorogeriogomes.com.br\/noticias\/wp-content\/uploads\/2021\/11\/images-24.jpeg 679w, https:\/\/blogdorogeriogomes.com.br\/noticias\/wp-content\/uploads\/2021\/11\/images-24-300x200.jpeg 300w\" sizes=\"auto, (max-width: 679px) 100vw, 679px\" \/><\/figure>\n","protected":false},"excerpt":{"rendered":"<p>O Governo do Cear\u00e1 sancionou a Lei Estadual que pro\u00edbe o uso de cigarros eletr\u00f4nicos em ambientes p\u00fablicos ou privados no Cear\u00e1, que n\u00e3o possuam espa\u00e7os espec\u00edficos. A norma passou a vigorar desde o \u00faltimo dia 12 de novembro, quando foi publicada no Di\u00e1rio Oficial do Estado. A medida vale para vaporizadores, vape, e-cigarro, e-cig, e-cigarette ou qualquer outro dispositivo eletr\u00f4nico para fumar. De acordo com a san\u00e7\u00e3o do governador Camilo Santana, a Lei Estadual libera o consumo do&hellip;<\/p>\n","protected":false},"author":1,"featured_media":23436,"comment_status":"open","ping_status":"open","sticky":false,"template":"","format":"standard","meta":{"footnotes":""},"categories":[1],"tags":[],"class_list":["post-23435","post","type-post","status-publish","format-standard","has-post-thumbnail","hentry","category-noticias"],"_links":{"self":[{"href":"https:\/\/blogdorogeriogomes.com.br\/noticias\/wp-json\/wp\/v2\/posts\/23435","targetHints":{"allow":["GET"]}}],"collection":[{"href":"https:\/\/blogdorogeriogomes.com.br\/noticias\/wp-json\/wp\/v2\/posts"}],"about":[{"href":"https:\/\/blogdorogeriogomes.com.br\/noticias\/wp-json\/wp\/v2\/types\/post"}],"author":[{"embeddable":true,"href":"https:\/\/blogdorogeriogomes.com.br\/noticias\/wp-json\/wp\/v2\/users\/1"}],"replies":[{"embeddable":true,"href":"https:\/\/blogdorogeriogomes.com.br\/noticias\/wp-json\/wp\/v2\/comments?post=23435"}],"version-history":[{"count":1,"href":"https:\/\/blogdorogeriogomes.com.br\/noticias\/wp-json\/wp\/v2\/posts\/23435\/revisions"}],"predecessor-version":[{"id":23437,"href":"https:\/\/blogdorogeriogomes.com.br\/noticias\/wp-json\/wp\/v2\/posts\/23435\/revisions\/23437"}],"wp:featuredmedia":[{"embeddable":true,"href":"https:\/\/blogdorogeriogomes.com.br\/noticias\/wp-json\/wp\/v2\/media\/23436"}],"wp:attachment":[{"href":"https:\/\/blogdorogeriogomes.com.br\/noticias\/wp-json\/wp\/v2\/media?parent=23435"}],"wp:term":[{"taxonomy":"category","embeddable":true,"href":"https:\/\/blogdorogeriogomes.com.br\/noticias\/wp-json\/wp\/v2\/categories?post=23435"},{"taxonomy":"post_tag","embeddable":true,"href":"https:\/\/blogdorogeriogomes.com.br\/noticias\/wp-json\/wp\/v2\/tags?post=23435"}],"curies":[{"name":"wp","href":"https:\/\/api.w.org\/{rel}","templated":true}]}}