{"id":23438,"date":"2021-11-16T23:39:20","date_gmt":"2021-11-16T23:39:20","guid":{"rendered":"https:\/\/blogdorogeriogomes.com.br\/?p=23438"},"modified":"2021-11-18T14:17:57","modified_gmt":"2021-11-18T14:17:57","slug":"projeto-assembleia-itinerante-chega-a-sao-benedito-com-prestacao-de-servicos-e-sessao-plenaria","status":"publish","type":"post","link":"https:\/\/blogdorogeriogomes.com.br\/noticias\/2021\/11\/projeto-assembleia-itinerante-chega-a-sao-benedito-com-prestacao-de-servicos-e-sessao-plenaria\/","title":{"rendered":"Projeto Assembleia Itinerante chega a S\u00e3o Benedito com presta\u00e7\u00e3o de servi\u00e7os e sess\u00e3o plen\u00e1ria"},"content":{"rendered":"\n<p>Depois de passar por Itapipoca e Ic\u00f3, o Projeto Assembleia Itinerante est\u00e1 em S\u00e3o Benedito, no interior do Cear\u00e1, onde permanece at\u00e9 o dia 18, quando acontecer\u00e1 a realiza\u00e7\u00e3o da sess\u00e3o plen\u00e1ria com os deputados estaduais. A Assembleia Itinerante \u00e9 um projeto da Assembleia Legislativa do Cear\u00e1 que leva presta\u00e7\u00e3o de servi\u00e7os ao interior, atividades culturais, al\u00e9m de uma sess\u00e3o presencial com os parlamentares para ouvir as demandas da popula\u00e7\u00e3o da regi\u00e3o.<\/p>\n\n\n\n<p>No primeiro dia de evento, em S\u00e3o Benedito, a popula\u00e7\u00e3o teve acesso a v\u00e1rios servi\u00e7os oferecidos por \u00f3rg\u00e3os da Casa Legislativa e por institui\u00e7\u00f5es parceiras, al\u00e9m de palestras e atra\u00e7\u00f5es do Festival de Arte e Cultura, promovido pelo Instituto Future e realizado no Cal\u00e7ad\u00e3o Espa\u00e7o do Povo, no centro da cidade.<\/p>\n\n\n\n<p>A Assembleia Itinerante continua nesta quarta-feira, dia 17, com os servi\u00e7os, palestras, cursos e com o Festival de Arte e Cultura, que tem a participa\u00e7\u00e3o de artistas da regi\u00e3o, sempre respeitando todos os cuidados sanit\u00e1rios e de distanciamento social em decorr\u00eancia do cen\u00e1rio de pandemia do coronav\u00edrus, com uso de m\u00e1scaras e \u00e1lcool em gel. Na quinta-feira, dia 18, al\u00e9m das a\u00e7\u00f5es, ser\u00e1 realizada pela manh\u00e3 a sess\u00e3o plen\u00e1ria com os deputados estaduais na C\u00e2mara Municipal de S\u00e3o Benedito.<\/p>\n\n\n\n<figure class=\"wp-block-image size-large\"><img loading=\"lazy\" decoding=\"async\" width=\"900\" height=\"600\" src=\"https:\/\/blogdorogeriogomes.com.br\/wp-content\/uploads\/2021\/11\/b12f2f95d34fe7e9fa82720733eeaf7f_XL.jpg\" alt=\"\" class=\"wp-image-23439\" srcset=\"https:\/\/blogdorogeriogomes.com.br\/noticias\/wp-content\/uploads\/2021\/11\/b12f2f95d34fe7e9fa82720733eeaf7f_XL.jpg 900w, https:\/\/blogdorogeriogomes.com.br\/noticias\/wp-content\/uploads\/2021\/11\/b12f2f95d34fe7e9fa82720733eeaf7f_XL-300x200.jpg 300w, https:\/\/blogdorogeriogomes.com.br\/noticias\/wp-content\/uploads\/2021\/11\/b12f2f95d34fe7e9fa82720733eeaf7f_XL-768x512.jpg 768w, https:\/\/blogdorogeriogomes.com.br\/noticias\/wp-content\/uploads\/2021\/11\/b12f2f95d34fe7e9fa82720733eeaf7f_XL-800x533.jpg 800w\" sizes=\"auto, (max-width: 900px) 100vw, 900px\" \/><\/figure>\n","protected":false},"excerpt":{"rendered":"<p>Depois de passar por Itapipoca e Ic\u00f3, o Projeto Assembleia Itinerante est\u00e1 em S\u00e3o Benedito, no interior do Cear\u00e1, onde permanece at\u00e9 o dia 18, quando acontecer\u00e1 a realiza\u00e7\u00e3o da sess\u00e3o plen\u00e1ria com os deputados estaduais. A Assembleia Itinerante \u00e9 um projeto da Assembleia Legislativa do Cear\u00e1 que leva presta\u00e7\u00e3o de servi\u00e7os ao interior, atividades culturais, al\u00e9m de uma sess\u00e3o presencial com os parlamentares para ouvir as demandas da popula\u00e7\u00e3o da regi\u00e3o. No primeiro dia de evento, em S\u00e3o&hellip;<\/p>\n","protected":false},"author":1,"featured_media":23439,"comment_status":"open","ping_status":"open","sticky":false,"template":"","format":"standard","meta":{"footnotes":""},"categories":[1],"tags":[],"class_list":["post-23438","post","type-post","status-publish","format-standard","has-post-thumbnail","hentry","category-noticias"],"_links":{"self":[{"href":"https:\/\/blogdorogeriogomes.com.br\/noticias\/wp-json\/wp\/v2\/posts\/23438","targetHints":{"allow":["GET"]}}],"collection":[{"href":"https:\/\/blogdorogeriogomes.com.br\/noticias\/wp-json\/wp\/v2\/posts"}],"about":[{"href":"https:\/\/blogdorogeriogomes.com.br\/noticias\/wp-json\/wp\/v2\/types\/post"}],"author":[{"embeddable":true,"href":"https:\/\/blogdorogeriogomes.com.br\/noticias\/wp-json\/wp\/v2\/users\/1"}],"replies":[{"embeddable":true,"href":"https:\/\/blogdorogeriogomes.com.br\/noticias\/wp-json\/wp\/v2\/comments?post=23438"}],"version-history":[{"count":1,"href":"https:\/\/blogdorogeriogomes.com.br\/noticias\/wp-json\/wp\/v2\/posts\/23438\/revisions"}],"predecessor-version":[{"id":23440,"href":"https:\/\/blogdorogeriogomes.com.br\/noticias\/wp-json\/wp\/v2\/posts\/23438\/revisions\/23440"}],"wp:featuredmedia":[{"embeddable":true,"href":"https:\/\/blogdorogeriogomes.com.br\/noticias\/wp-json\/wp\/v2\/media\/23439"}],"wp:attachment":[{"href":"https:\/\/blogdorogeriogomes.com.br\/noticias\/wp-json\/wp\/v2\/media?parent=23438"}],"wp:term":[{"taxonomy":"category","embeddable":true,"href":"https:\/\/blogdorogeriogomes.com.br\/noticias\/wp-json\/wp\/v2\/categories?post=23438"},{"taxonomy":"post_tag","embeddable":true,"href":"https:\/\/blogdorogeriogomes.com.br\/noticias\/wp-json\/wp\/v2\/tags?post=23438"}],"curies":[{"name":"wp","href":"https:\/\/api.w.org\/{rel}","templated":true}]}}