{"id":23441,"date":"2021-11-17T09:28:28","date_gmt":"2021-11-17T09:28:28","guid":{"rendered":"https:\/\/blogdorogeriogomes.com.br\/?p=23441"},"modified":"2021-11-18T14:17:48","modified_gmt":"2021-11-18T14:17:48","slug":"prefeitura-inicia-forca-tarefa-para-vacinar-10-mil-alunos-da-capital-que-faltaram-ao-agendamento-da-vacina","status":"publish","type":"post","link":"https:\/\/blogdorogeriogomes.com.br\/noticias\/2021\/11\/prefeitura-inicia-forca-tarefa-para-vacinar-10-mil-alunos-da-capital-que-faltaram-ao-agendamento-da-vacina\/","title":{"rendered":"Prefeitura inicia for\u00e7a-tarefa para vacinar 10 mil alunos da Capital que faltaram ao agendamento da vacina"},"content":{"rendered":"\n<p>A Prefeitura de Fortaleza iniciou nesta ter\u00e7a-feira, dia 16 de novembro, uma for\u00e7a-tarefa para garantir a imuniza\u00e7\u00e3o de cerca de 10 mil adolescentes que faltaram ao agendamento da vacina contra a Covid-19 na Capital. A partir do mapeamento realizado pela Rede Municipal de Ensino, foram identificados cerca de 10 mil adolescentes entre 12 e 17 anos que faltaram ao dia do agendamento. At\u00e9 sexta-feira, dia 19, a Secretaria Municipal de Educa\u00e7\u00e3o vai disponibilizar transporte para levar os estudantes aos postos de sa\u00fade da Capital. Ser\u00e3o 93 postos dispon\u00edveis para o atendimento aos adolescentes.<\/p>\n\n\n\n<p>Cerca de 50 \u00f4nibus escolares ser\u00e3o disponibilizados para as rotas de transporte dos alunos ao longo desta semana. Fortaleza iniciou, no dia 25 de agosto, a vacina\u00e7\u00e3o para o p\u00fablico adolescente de 12 a 17 anos. <\/p>\n\n\n\n<p>Atualmente, a Capital tem 266.101 pessoas entre 12 e 17 anos com doses aplicadas, sendo 65,2% com D1 e 34,7% com D2. Al\u00e9m disso, a campanha contra a Covid-19 completou o esquema de vacina\u00e7\u00e3o em 100% dos trabalhadores da educa\u00e7\u00e3o em Fortaleza.<\/p>\n\n\n\n<figure class=\"wp-block-image size-large\"><img loading=\"lazy\" decoding=\"async\" width=\"1024\" height=\"682\" src=\"https:\/\/blogdorogeriogomes.com.br\/wp-content\/uploads\/2021\/11\/vacinaedu-1024x682.jpeg\" alt=\"\" class=\"wp-image-23442\" srcset=\"https:\/\/blogdorogeriogomes.com.br\/noticias\/wp-content\/uploads\/2021\/11\/vacinaedu-1024x682.jpeg 1024w, https:\/\/blogdorogeriogomes.com.br\/noticias\/wp-content\/uploads\/2021\/11\/vacinaedu-300x200.jpeg 300w, https:\/\/blogdorogeriogomes.com.br\/noticias\/wp-content\/uploads\/2021\/11\/vacinaedu-768x512.jpeg 768w, https:\/\/blogdorogeriogomes.com.br\/noticias\/wp-content\/uploads\/2021\/11\/vacinaedu-1536x1023.jpeg 1536w, https:\/\/blogdorogeriogomes.com.br\/noticias\/wp-content\/uploads\/2021\/11\/vacinaedu-800x533.jpeg 800w, https:\/\/blogdorogeriogomes.com.br\/noticias\/wp-content\/uploads\/2021\/11\/vacinaedu.jpeg 1600w\" sizes=\"auto, (max-width: 1024px) 100vw, 1024px\" \/><\/figure>\n","protected":false},"excerpt":{"rendered":"<p>A Prefeitura de Fortaleza iniciou nesta ter\u00e7a-feira, dia 16 de novembro, uma for\u00e7a-tarefa para garantir a imuniza\u00e7\u00e3o de cerca de 10 mil adolescentes que faltaram ao agendamento da vacina contra a Covid-19 na Capital. A partir do mapeamento realizado pela Rede Municipal de Ensino, foram identificados cerca de 10 mil adolescentes entre 12 e 17 anos que faltaram ao dia do agendamento. At\u00e9 sexta-feira, dia 19, a Secretaria Municipal de Educa\u00e7\u00e3o vai disponibilizar transporte para levar os estudantes aos&hellip;<\/p>\n","protected":false},"author":1,"featured_media":23442,"comment_status":"open","ping_status":"open","sticky":false,"template":"","format":"standard","meta":{"footnotes":""},"categories":[1],"tags":[],"class_list":["post-23441","post","type-post","status-publish","format-standard","has-post-thumbnail","hentry","category-noticias"],"_links":{"self":[{"href":"https:\/\/blogdorogeriogomes.com.br\/noticias\/wp-json\/wp\/v2\/posts\/23441","targetHints":{"allow":["GET"]}}],"collection":[{"href":"https:\/\/blogdorogeriogomes.com.br\/noticias\/wp-json\/wp\/v2\/posts"}],"about":[{"href":"https:\/\/blogdorogeriogomes.com.br\/noticias\/wp-json\/wp\/v2\/types\/post"}],"author":[{"embeddable":true,"href":"https:\/\/blogdorogeriogomes.com.br\/noticias\/wp-json\/wp\/v2\/users\/1"}],"replies":[{"embeddable":true,"href":"https:\/\/blogdorogeriogomes.com.br\/noticias\/wp-json\/wp\/v2\/comments?post=23441"}],"version-history":[{"count":1,"href":"https:\/\/blogdorogeriogomes.com.br\/noticias\/wp-json\/wp\/v2\/posts\/23441\/revisions"}],"predecessor-version":[{"id":23443,"href":"https:\/\/blogdorogeriogomes.com.br\/noticias\/wp-json\/wp\/v2\/posts\/23441\/revisions\/23443"}],"wp:featuredmedia":[{"embeddable":true,"href":"https:\/\/blogdorogeriogomes.com.br\/noticias\/wp-json\/wp\/v2\/media\/23442"}],"wp:attachment":[{"href":"https:\/\/blogdorogeriogomes.com.br\/noticias\/wp-json\/wp\/v2\/media?parent=23441"}],"wp:term":[{"taxonomy":"category","embeddable":true,"href":"https:\/\/blogdorogeriogomes.com.br\/noticias\/wp-json\/wp\/v2\/categories?post=23441"},{"taxonomy":"post_tag","embeddable":true,"href":"https:\/\/blogdorogeriogomes.com.br\/noticias\/wp-json\/wp\/v2\/tags?post=23441"}],"curies":[{"name":"wp","href":"https:\/\/api.w.org\/{rel}","templated":true}]}}