{"id":23447,"date":"2021-11-17T15:25:39","date_gmt":"2021-11-17T15:25:39","guid":{"rendered":"https:\/\/blogdorogeriogomes.com.br\/?p=23447"},"modified":"2021-11-18T14:17:31","modified_gmt":"2021-11-18T14:17:31","slug":"enquanto-lula-se-encontra-com-presidente-da-franca-na-europa-bolsonaro-faz-noticias-no-catar","status":"publish","type":"post","link":"https:\/\/blogdorogeriogomes.com.br\/noticias\/2021\/11\/enquanto-lula-se-encontra-com-presidente-da-franca-na-europa-bolsonaro-faz-noticias-no-catar\/","title":{"rendered":"Enquanto Lula se encontra com presidente da Fran\u00e7a, na Europa, Bolsonaro faz motociata no Catar"},"content":{"rendered":"\n<p>Dando continuidade \u00e0 sua viagem \u00e0 Europa, o ex-presidente Luiz In\u00e1cio Lula da Silva foi recebido na manh\u00e3 desta quarta-feira, dia 17 de novembro, pelo presidente da Fran\u00e7a, Emmanuel Macron. Lula teve tratamento de Chefe de Estado, no Pal\u00e1cio do Eliseu, sede do governo franc\u00eas, em Paris.<\/p>\n\n\n\n<p>Enquanto isso, o presidente do Brasil, Jair Bolsonaro, continua sua viagem oficial ao Oriente M\u00e9dio. Nesta quarta-feira, ele fez uma motociata no Catar. O passeio de moto s\u00f3 demonstra a diferen\u00e7a de agenda entre Bolsonaro e o seu principal advers\u00e1rio na disputa presidencial em 2022, quando o assunto \u00e9 rela\u00e7\u00f5es exteriores. <\/p>\n\n\n\n<p>No encontro de Lula e Macron, em Paris, o presidente franc\u00eas esteve acompanhado de dois ministros, enquanto Lula participou com o ex-chanceler Celso Amorim e o atual presidente da Funda\u00e7\u00e3o Perseu Abramo, Aloizio Mercadante. Durante o di\u00e1logo, Macron e Lula defenderam uma alian\u00e7a entre Uni\u00e3o Europeia e Mercosul para evitar uma nova Guerra Fria entre Estados Unidos e China.<\/p>\n\n\n\n<p>Os dois tamb\u00e9m concordaram sobre a necessidade de maior coopera\u00e7\u00e3o entre os dois blocos para fazer frente \u00e0 ascens\u00e3o da extrema direita no mundo.&nbsp;<\/p>\n\n\n\n<figure class=\"wp-block-image size-large\"><img loading=\"lazy\" decoding=\"async\" width=\"1024\" height=\"576\" src=\"https:\/\/blogdorogeriogomes.com.br\/wp-content\/uploads\/2021\/11\/franca-emannuel-macron-lula-reproducao-1024x576.png\" alt=\"\" class=\"wp-image-23448\" srcset=\"https:\/\/blogdorogeriogomes.com.br\/noticias\/wp-content\/uploads\/2021\/11\/franca-emannuel-macron-lula-reproducao-1024x576.png 1024w, https:\/\/blogdorogeriogomes.com.br\/noticias\/wp-content\/uploads\/2021\/11\/franca-emannuel-macron-lula-reproducao-300x169.png 300w, https:\/\/blogdorogeriogomes.com.br\/noticias\/wp-content\/uploads\/2021\/11\/franca-emannuel-macron-lula-reproducao-768x432.png 768w, https:\/\/blogdorogeriogomes.com.br\/noticias\/wp-content\/uploads\/2021\/11\/franca-emannuel-macron-lula-reproducao-1536x864.png 1536w, https:\/\/blogdorogeriogomes.com.br\/noticias\/wp-content\/uploads\/2021\/11\/franca-emannuel-macron-lula-reproducao-800x450.png 800w, https:\/\/blogdorogeriogomes.com.br\/noticias\/wp-content\/uploads\/2021\/11\/franca-emannuel-macron-lula-reproducao.png 1919w\" sizes=\"auto, (max-width: 1024px) 100vw, 1024px\" \/><\/figure>\n","protected":false},"excerpt":{"rendered":"<p>Dando continuidade \u00e0 sua viagem \u00e0 Europa, o ex-presidente Luiz In\u00e1cio Lula da Silva foi recebido na manh\u00e3 desta quarta-feira, dia 17 de novembro, pelo presidente da Fran\u00e7a, Emmanuel Macron. Lula teve tratamento de Chefe de Estado, no Pal\u00e1cio do Eliseu, sede do governo franc\u00eas, em Paris. Enquanto isso, o presidente do Brasil, Jair Bolsonaro, continua sua viagem oficial ao Oriente M\u00e9dio. Nesta quarta-feira, ele fez uma motociata no Catar. O passeio de moto s\u00f3 demonstra a diferen\u00e7a de&hellip;<\/p>\n","protected":false},"author":1,"featured_media":23448,"comment_status":"open","ping_status":"open","sticky":false,"template":"","format":"standard","meta":{"footnotes":""},"categories":[1],"tags":[],"class_list":["post-23447","post","type-post","status-publish","format-standard","has-post-thumbnail","hentry","category-noticias"],"_links":{"self":[{"href":"https:\/\/blogdorogeriogomes.com.br\/noticias\/wp-json\/wp\/v2\/posts\/23447","targetHints":{"allow":["GET"]}}],"collection":[{"href":"https:\/\/blogdorogeriogomes.com.br\/noticias\/wp-json\/wp\/v2\/posts"}],"about":[{"href":"https:\/\/blogdorogeriogomes.com.br\/noticias\/wp-json\/wp\/v2\/types\/post"}],"author":[{"embeddable":true,"href":"https:\/\/blogdorogeriogomes.com.br\/noticias\/wp-json\/wp\/v2\/users\/1"}],"replies":[{"embeddable":true,"href":"https:\/\/blogdorogeriogomes.com.br\/noticias\/wp-json\/wp\/v2\/comments?post=23447"}],"version-history":[{"count":2,"href":"https:\/\/blogdorogeriogomes.com.br\/noticias\/wp-json\/wp\/v2\/posts\/23447\/revisions"}],"predecessor-version":[{"id":23450,"href":"https:\/\/blogdorogeriogomes.com.br\/noticias\/wp-json\/wp\/v2\/posts\/23447\/revisions\/23450"}],"wp:featuredmedia":[{"embeddable":true,"href":"https:\/\/blogdorogeriogomes.com.br\/noticias\/wp-json\/wp\/v2\/media\/23448"}],"wp:attachment":[{"href":"https:\/\/blogdorogeriogomes.com.br\/noticias\/wp-json\/wp\/v2\/media?parent=23447"}],"wp:term":[{"taxonomy":"category","embeddable":true,"href":"https:\/\/blogdorogeriogomes.com.br\/noticias\/wp-json\/wp\/v2\/categories?post=23447"},{"taxonomy":"post_tag","embeddable":true,"href":"https:\/\/blogdorogeriogomes.com.br\/noticias\/wp-json\/wp\/v2\/tags?post=23447"}],"curies":[{"name":"wp","href":"https:\/\/api.w.org\/{rel}","templated":true}]}}