{"id":23451,"date":"2021-11-17T22:26:29","date_gmt":"2021-11-17T22:26:29","guid":{"rendered":"https:\/\/blogdorogeriogomes.com.br\/?p=23451"},"modified":"2021-11-18T14:17:23","modified_gmt":"2021-11-18T14:17:23","slug":"erinaldo-dantas-e-reeleito-para-a-presidencia-da-oab-ceara","status":"publish","type":"post","link":"https:\/\/blogdorogeriogomes.com.br\/noticias\/2021\/11\/erinaldo-dantas-e-reeleito-para-a-presidencia-da-oab-ceara\/","title":{"rendered":"Erinaldo Dantas \u00e9 reeleito para a presid\u00eancia da OAB Cear\u00e1"},"content":{"rendered":"\n<p>O advogado Erinaldo Dantas foi reeleito presidente da OAB Cear\u00e1 no pleito realizado nesta quarta-feira, dia 17 de novembro. Ele estar\u00e1 \u00e0 frente da entidade nos pr\u00f3ximos tr\u00eas anos &#8211; 2022, 2023 e 2024. Erinaldo encabe\u00e7ou a chapa&nbsp;n\u00famero 20 &#8220;Somos Mais OAB&#8221;.<\/p>\n\n\n\n<p>Erinaldo Dantas teve 2.917 votos. Em segundo lugar ficou o advogado S\u00e1vio Aguiar, com&nbsp;2.556 votos. Uma diferen\u00e7a de apenas 361 votos. Em terceiro lugar ficou com&nbsp;Daniel Arag\u00e3o, que somou 663 votos.&nbsp;<\/p>\n\n\n\n<figure class=\"wp-block-image size-large\"><img loading=\"lazy\" decoding=\"async\" width=\"818\" height=\"459\" src=\"https:\/\/blogdorogeriogomes.com.br\/wp-content\/uploads\/2021\/11\/1_whatsapp_image_2021_11_17_at_17_25_30-17507678.jpeg\" alt=\"\" class=\"wp-image-23452\" srcset=\"https:\/\/blogdorogeriogomes.com.br\/noticias\/wp-content\/uploads\/2021\/11\/1_whatsapp_image_2021_11_17_at_17_25_30-17507678.jpeg 818w, https:\/\/blogdorogeriogomes.com.br\/noticias\/wp-content\/uploads\/2021\/11\/1_whatsapp_image_2021_11_17_at_17_25_30-17507678-300x168.jpeg 300w, https:\/\/blogdorogeriogomes.com.br\/noticias\/wp-content\/uploads\/2021\/11\/1_whatsapp_image_2021_11_17_at_17_25_30-17507678-768x431.jpeg 768w, https:\/\/blogdorogeriogomes.com.br\/noticias\/wp-content\/uploads\/2021\/11\/1_whatsapp_image_2021_11_17_at_17_25_30-17507678-800x449.jpeg 800w\" sizes=\"auto, (max-width: 818px) 100vw, 818px\" \/><\/figure>\n","protected":false},"excerpt":{"rendered":"<p>O advogado Erinaldo Dantas foi reeleito presidente da OAB Cear\u00e1 no pleito realizado nesta quarta-feira, dia 17 de novembro. Ele estar\u00e1 \u00e0 frente da entidade nos pr\u00f3ximos tr\u00eas anos &#8211; 2022, 2023 e 2024. Erinaldo encabe\u00e7ou a chapa&nbsp;n\u00famero 20 &#8220;Somos Mais OAB&#8221;. Erinaldo Dantas teve 2.917 votos. Em segundo lugar ficou o advogado S\u00e1vio Aguiar, com&nbsp;2.556 votos. Uma diferen\u00e7a de apenas 361 votos. Em terceiro lugar ficou com&nbsp;Daniel Arag\u00e3o, que somou 663 votos.&nbsp;<\/p>\n","protected":false},"author":1,"featured_media":23452,"comment_status":"open","ping_status":"open","sticky":false,"template":"","format":"standard","meta":{"footnotes":""},"categories":[1],"tags":[],"class_list":["post-23451","post","type-post","status-publish","format-standard","has-post-thumbnail","hentry","category-noticias"],"_links":{"self":[{"href":"https:\/\/blogdorogeriogomes.com.br\/noticias\/wp-json\/wp\/v2\/posts\/23451","targetHints":{"allow":["GET"]}}],"collection":[{"href":"https:\/\/blogdorogeriogomes.com.br\/noticias\/wp-json\/wp\/v2\/posts"}],"about":[{"href":"https:\/\/blogdorogeriogomes.com.br\/noticias\/wp-json\/wp\/v2\/types\/post"}],"author":[{"embeddable":true,"href":"https:\/\/blogdorogeriogomes.com.br\/noticias\/wp-json\/wp\/v2\/users\/1"}],"replies":[{"embeddable":true,"href":"https:\/\/blogdorogeriogomes.com.br\/noticias\/wp-json\/wp\/v2\/comments?post=23451"}],"version-history":[{"count":3,"href":"https:\/\/blogdorogeriogomes.com.br\/noticias\/wp-json\/wp\/v2\/posts\/23451\/revisions"}],"predecessor-version":[{"id":23465,"href":"https:\/\/blogdorogeriogomes.com.br\/noticias\/wp-json\/wp\/v2\/posts\/23451\/revisions\/23465"}],"wp:featuredmedia":[{"embeddable":true,"href":"https:\/\/blogdorogeriogomes.com.br\/noticias\/wp-json\/wp\/v2\/media\/23452"}],"wp:attachment":[{"href":"https:\/\/blogdorogeriogomes.com.br\/noticias\/wp-json\/wp\/v2\/media?parent=23451"}],"wp:term":[{"taxonomy":"category","embeddable":true,"href":"https:\/\/blogdorogeriogomes.com.br\/noticias\/wp-json\/wp\/v2\/categories?post=23451"},{"taxonomy":"post_tag","embeddable":true,"href":"https:\/\/blogdorogeriogomes.com.br\/noticias\/wp-json\/wp\/v2\/tags?post=23451"}],"curies":[{"name":"wp","href":"https:\/\/api.w.org\/{rel}","templated":true}]}}