{"id":23458,"date":"2021-11-18T09:55:09","date_gmt":"2021-11-18T09:55:09","guid":{"rendered":"https:\/\/blogdorogeriogomes.com.br\/?p=23458"},"modified":"2021-11-18T14:17:09","modified_gmt":"2021-11-18T14:17:09","slug":"camilo-confirma-elizabeth-chagas-como-defensora-geral-do-ceara-pelos-proximos-dois-anos","status":"publish","type":"post","link":"https:\/\/blogdorogeriogomes.com.br\/noticias\/2021\/11\/camilo-confirma-elizabeth-chagas-como-defensora-geral-do-ceara-pelos-proximos-dois-anos\/","title":{"rendered":"Camilo confirma Elizabeth Chagas como Defensora Geral do Cear\u00e1 pelos pr\u00f3ximos dois anos"},"content":{"rendered":"\n<p>Pelas redes sociais, o governador Camilo Santana (PT) confirmou Elizabeth Chagas como defensora p\u00fablica geral do estado do Cear\u00e1. Beth recebeu 54% dos votos na elei\u00e7\u00e3o para defensor geral, no \u00faltimo dia 8 de outubro, na disputa com Rubens Lima, membro do Conselho Superior da institui\u00e7\u00e3o, cujos votos foram 49%.<\/p>\n\n\n\n<p>&#8220;Escolhi hoje o nome da defensora p\u00fablica Elizabeth Chagas para dar sequ\u00eancia como Defensora P\u00fablica Geral do Estado para o bi\u00eanio 2022-2023. Elizabeth \u00e9 a primeira da lista tr\u00edplice que me foi enviada, ap\u00f3s vota\u00e7\u00e3o recente dos defensores p\u00fablicos do Cear\u00e1&#8221;, disse Camilo Santana.<\/p>\n\n\n\n<figure class=\"wp-block-image size-large\"><img loading=\"lazy\" decoding=\"async\" width=\"540\" height=\"304\" src=\"https:\/\/blogdorogeriogomes.com.br\/wp-content\/uploads\/2021\/11\/elizabeth-chagas.jpg\" alt=\"\" class=\"wp-image-23459\" srcset=\"https:\/\/blogdorogeriogomes.com.br\/noticias\/wp-content\/uploads\/2021\/11\/elizabeth-chagas.jpg 540w, https:\/\/blogdorogeriogomes.com.br\/noticias\/wp-content\/uploads\/2021\/11\/elizabeth-chagas-300x169.jpg 300w\" sizes=\"auto, (max-width: 540px) 100vw, 540px\" \/><\/figure>\n","protected":false},"excerpt":{"rendered":"<p>Pelas redes sociais, o governador Camilo Santana (PT) confirmou Elizabeth Chagas como defensora p\u00fablica geral do estado do Cear\u00e1. Beth recebeu 54% dos votos na elei\u00e7\u00e3o para defensor geral, no \u00faltimo dia 8 de outubro, na disputa com Rubens Lima, membro do Conselho Superior da institui\u00e7\u00e3o, cujos votos foram 49%. &#8220;Escolhi hoje o nome da defensora p\u00fablica Elizabeth Chagas para dar sequ\u00eancia como Defensora P\u00fablica Geral do Estado para o bi\u00eanio 2022-2023. Elizabeth \u00e9 a primeira da lista tr\u00edplice&hellip;<\/p>\n","protected":false},"author":1,"featured_media":23459,"comment_status":"open","ping_status":"open","sticky":false,"template":"","format":"standard","meta":{"footnotes":""},"categories":[1],"tags":[],"class_list":["post-23458","post","type-post","status-publish","format-standard","has-post-thumbnail","hentry","category-noticias"],"_links":{"self":[{"href":"https:\/\/blogdorogeriogomes.com.br\/noticias\/wp-json\/wp\/v2\/posts\/23458","targetHints":{"allow":["GET"]}}],"collection":[{"href":"https:\/\/blogdorogeriogomes.com.br\/noticias\/wp-json\/wp\/v2\/posts"}],"about":[{"href":"https:\/\/blogdorogeriogomes.com.br\/noticias\/wp-json\/wp\/v2\/types\/post"}],"author":[{"embeddable":true,"href":"https:\/\/blogdorogeriogomes.com.br\/noticias\/wp-json\/wp\/v2\/users\/1"}],"replies":[{"embeddable":true,"href":"https:\/\/blogdorogeriogomes.com.br\/noticias\/wp-json\/wp\/v2\/comments?post=23458"}],"version-history":[{"count":1,"href":"https:\/\/blogdorogeriogomes.com.br\/noticias\/wp-json\/wp\/v2\/posts\/23458\/revisions"}],"predecessor-version":[{"id":23460,"href":"https:\/\/blogdorogeriogomes.com.br\/noticias\/wp-json\/wp\/v2\/posts\/23458\/revisions\/23460"}],"wp:featuredmedia":[{"embeddable":true,"href":"https:\/\/blogdorogeriogomes.com.br\/noticias\/wp-json\/wp\/v2\/media\/23459"}],"wp:attachment":[{"href":"https:\/\/blogdorogeriogomes.com.br\/noticias\/wp-json\/wp\/v2\/media?parent=23458"}],"wp:term":[{"taxonomy":"category","embeddable":true,"href":"https:\/\/blogdorogeriogomes.com.br\/noticias\/wp-json\/wp\/v2\/categories?post=23458"},{"taxonomy":"post_tag","embeddable":true,"href":"https:\/\/blogdorogeriogomes.com.br\/noticias\/wp-json\/wp\/v2\/tags?post=23458"}],"curies":[{"name":"wp","href":"https:\/\/api.w.org\/{rel}","templated":true}]}}