{"id":23461,"date":"2021-11-18T10:08:40","date_gmt":"2021-11-18T10:08:40","guid":{"rendered":"https:\/\/blogdorogeriogomes.com.br\/?p=23461"},"modified":"2021-11-18T14:16:50","modified_gmt":"2021-11-18T14:16:50","slug":"incendio-no-parque-do-coco-espalha-fumaca-por-varios-bairros-de-fortaleza-durante-a-madrugada","status":"publish","type":"post","link":"https:\/\/blogdorogeriogomes.com.br\/noticias\/2021\/11\/incendio-no-parque-do-coco-espalha-fumaca-por-varios-bairros-de-fortaleza-durante-a-madrugada\/","title":{"rendered":"Inc\u00eandio no Parque do Coc\u00f3 espalha fuma\u00e7a por v\u00e1rios bairros de Fortaleza durante a madrugada"},"content":{"rendered":"\n<p>A \u00e1rea de vegeta\u00e7\u00e3o do Parque Ecol\u00f3gico do Coc\u00f3, em Fortaleza, foi atingida por um inc\u00eandio que j\u00e1 dura mais de 12 horas. A fuma\u00e7a se espalhou por v\u00e1rios bairros da Capital, Aerol\u00e2ndia, S\u00e3o Jo\u00e3o do Tauape, Vila Uni\u00e3o, Montese, Aldeota e Joaquim T\u00e1vora.<\/p>\n\n\n\n<p>Segundo os bombeiros, pelo menos 20 hectares foram atingidos pelo fogo. As causas do inc\u00eandio ainda s\u00e3o desconhecidas. Foi solicitado apoio do helic\u00f3ptero da Coordenadoria Integrada de Opera\u00e7\u00f5es A\u00e9reas (Ciopaer) para ajudar no combate ao inc\u00eandio. <\/p>\n\n\n\n<p>A preocupa\u00e7\u00e3o \u00e9 que a fuma\u00e7a est\u00e1 comprometendo a visibilidade de motoristas em ruas e avenidas pr\u00f3ximas ao Parque do Coc\u00f3.<\/p>\n\n\n\n<figure class=\"wp-block-image size-large\"><img loading=\"lazy\" decoding=\"async\" width=\"984\" height=\"738\" src=\"https:\/\/blogdorogeriogomes.com.br\/wp-content\/uploads\/2021\/11\/incendio.jpeg\" alt=\"\" class=\"wp-image-23462\" srcset=\"https:\/\/blogdorogeriogomes.com.br\/noticias\/wp-content\/uploads\/2021\/11\/incendio.jpeg 984w, https:\/\/blogdorogeriogomes.com.br\/noticias\/wp-content\/uploads\/2021\/11\/incendio-300x225.jpeg 300w, https:\/\/blogdorogeriogomes.com.br\/noticias\/wp-content\/uploads\/2021\/11\/incendio-768x576.jpeg 768w, https:\/\/blogdorogeriogomes.com.br\/noticias\/wp-content\/uploads\/2021\/11\/incendio-800x600.jpeg 800w, https:\/\/blogdorogeriogomes.com.br\/noticias\/wp-content\/uploads\/2021\/11\/incendio-400x300.jpeg 400w\" sizes=\"auto, (max-width: 984px) 100vw, 984px\" \/><\/figure>\n","protected":false},"excerpt":{"rendered":"<p>A \u00e1rea de vegeta\u00e7\u00e3o do Parque Ecol\u00f3gico do Coc\u00f3, em Fortaleza, foi atingida por um inc\u00eandio que j\u00e1 dura mais de 12 horas. A fuma\u00e7a se espalhou por v\u00e1rios bairros da Capital, Aerol\u00e2ndia, S\u00e3o Jo\u00e3o do Tauape, Vila Uni\u00e3o, Montese, Aldeota e Joaquim T\u00e1vora. Segundo os bombeiros, pelo menos 20 hectares foram atingidos pelo fogo. As causas do inc\u00eandio ainda s\u00e3o desconhecidas. Foi solicitado apoio do helic\u00f3ptero da Coordenadoria Integrada de Opera\u00e7\u00f5es A\u00e9reas (Ciopaer) para ajudar no combate ao&hellip;<\/p>\n","protected":false},"author":1,"featured_media":23462,"comment_status":"open","ping_status":"open","sticky":false,"template":"","format":"standard","meta":{"footnotes":""},"categories":[1],"tags":[],"class_list":["post-23461","post","type-post","status-publish","format-standard","has-post-thumbnail","hentry","category-noticias"],"_links":{"self":[{"href":"https:\/\/blogdorogeriogomes.com.br\/noticias\/wp-json\/wp\/v2\/posts\/23461","targetHints":{"allow":["GET"]}}],"collection":[{"href":"https:\/\/blogdorogeriogomes.com.br\/noticias\/wp-json\/wp\/v2\/posts"}],"about":[{"href":"https:\/\/blogdorogeriogomes.com.br\/noticias\/wp-json\/wp\/v2\/types\/post"}],"author":[{"embeddable":true,"href":"https:\/\/blogdorogeriogomes.com.br\/noticias\/wp-json\/wp\/v2\/users\/1"}],"replies":[{"embeddable":true,"href":"https:\/\/blogdorogeriogomes.com.br\/noticias\/wp-json\/wp\/v2\/comments?post=23461"}],"version-history":[{"count":1,"href":"https:\/\/blogdorogeriogomes.com.br\/noticias\/wp-json\/wp\/v2\/posts\/23461\/revisions"}],"predecessor-version":[{"id":23463,"href":"https:\/\/blogdorogeriogomes.com.br\/noticias\/wp-json\/wp\/v2\/posts\/23461\/revisions\/23463"}],"wp:featuredmedia":[{"embeddable":true,"href":"https:\/\/blogdorogeriogomes.com.br\/noticias\/wp-json\/wp\/v2\/media\/23462"}],"wp:attachment":[{"href":"https:\/\/blogdorogeriogomes.com.br\/noticias\/wp-json\/wp\/v2\/media?parent=23461"}],"wp:term":[{"taxonomy":"category","embeddable":true,"href":"https:\/\/blogdorogeriogomes.com.br\/noticias\/wp-json\/wp\/v2\/categories?post=23461"},{"taxonomy":"post_tag","embeddable":true,"href":"https:\/\/blogdorogeriogomes.com.br\/noticias\/wp-json\/wp\/v2\/tags?post=23461"}],"curies":[{"name":"wp","href":"https:\/\/api.w.org\/{rel}","templated":true}]}}