{"id":23474,"date":"2021-11-19T11:06:54","date_gmt":"2021-11-19T11:06:54","guid":{"rendered":"https:\/\/blogdorogeriogomes.com.br\/?p=23474"},"modified":"2021-11-19T14:52:27","modified_gmt":"2021-11-19T14:52:27","slug":"governo-estadual-inicia-investigacao-sobre-indicios-de-incendio-criminoso-no-parque-do-coco","status":"publish","type":"post","link":"https:\/\/blogdorogeriogomes.com.br\/noticias\/2021\/11\/governo-estadual-inicia-investigacao-sobre-indicios-de-incendio-criminoso-no-parque-do-coco\/","title":{"rendered":"Governo Estadual inicia investiga\u00e7\u00e3o sobre ind\u00edcios de inc\u00eandio criminoso no Parque do Coc\u00f3"},"content":{"rendered":"\n<p>O Corpo de Bombeiros concluiu o trabalho de controle do inc\u00eandio no Parque do Coc\u00f3, em Fortaleza. Foram identificados pelo menos 12 focos do in\u00edcio do fogo, entre os bairros Tancredo Neves e Lagamar, e j\u00e1 h\u00e1 fortes ind\u00edcios de que o inc\u00eandio foi criminoso. Cerca de 20 hectares do parque foram destru\u00eddos, o que equivale a 25 campos de futebol. Este foi o maior inc\u00eandio que atingiu o parque ecol\u00f3gico em sua hist\u00f3ria.<\/p>\n\n\n\n<p>O governador Camilo Santana determinou apura\u00e7\u00e3o rigorosa para apurar as causas do inc\u00eandio. O Parque Ecol\u00f3gico do Coc\u00f3 \u00e9 mantido pelo Governo do Estado. A Secretaria da Seguran\u00e7a P\u00fablica disse que a Pol\u00edcia Civil, atrav\u00e9s da Delegacia de Prote\u00e7\u00e3o ao Meio Ambiente, j\u00e1 deu in\u00edcio \u00e0s investiga\u00e7\u00f5es.<\/p>\n\n\n\n<figure class=\"wp-block-image size-large\"><img loading=\"lazy\" decoding=\"async\" width=\"1024\" height=\"576\" src=\"https:\/\/blogdorogeriogomes.com.br\/wp-content\/uploads\/2021\/11\/whatsapp-image-2021-11-18-at-15.57.55-1024x576.jpeg\" alt=\"\" class=\"wp-image-23475\" srcset=\"https:\/\/blogdorogeriogomes.com.br\/noticias\/wp-content\/uploads\/2021\/11\/whatsapp-image-2021-11-18-at-15.57.55-1024x576.jpeg 1024w, https:\/\/blogdorogeriogomes.com.br\/noticias\/wp-content\/uploads\/2021\/11\/whatsapp-image-2021-11-18-at-15.57.55-300x169.jpeg 300w, https:\/\/blogdorogeriogomes.com.br\/noticias\/wp-content\/uploads\/2021\/11\/whatsapp-image-2021-11-18-at-15.57.55-768x432.jpeg 768w, https:\/\/blogdorogeriogomes.com.br\/noticias\/wp-content\/uploads\/2021\/11\/whatsapp-image-2021-11-18-at-15.57.55-800x450.jpeg 800w, https:\/\/blogdorogeriogomes.com.br\/noticias\/wp-content\/uploads\/2021\/11\/whatsapp-image-2021-11-18-at-15.57.55.jpeg 1080w\" sizes=\"auto, (max-width: 1024px) 100vw, 1024px\" \/><\/figure>\n","protected":false},"excerpt":{"rendered":"<p>O Corpo de Bombeiros concluiu o trabalho de controle do inc\u00eandio no Parque do Coc\u00f3, em Fortaleza. Foram identificados pelo menos 12 focos do in\u00edcio do fogo, entre os bairros Tancredo Neves e Lagamar, e j\u00e1 h\u00e1 fortes ind\u00edcios de que o inc\u00eandio foi criminoso. Cerca de 20 hectares do parque foram destru\u00eddos, o que equivale a 25 campos de futebol. Este foi o maior inc\u00eandio que atingiu o parque ecol\u00f3gico em sua hist\u00f3ria. O governador Camilo Santana determinou&hellip;<\/p>\n","protected":false},"author":1,"featured_media":23475,"comment_status":"open","ping_status":"open","sticky":false,"template":"","format":"standard","meta":{"footnotes":""},"categories":[1],"tags":[],"class_list":["post-23474","post","type-post","status-publish","format-standard","has-post-thumbnail","hentry","category-noticias"],"_links":{"self":[{"href":"https:\/\/blogdorogeriogomes.com.br\/noticias\/wp-json\/wp\/v2\/posts\/23474","targetHints":{"allow":["GET"]}}],"collection":[{"href":"https:\/\/blogdorogeriogomes.com.br\/noticias\/wp-json\/wp\/v2\/posts"}],"about":[{"href":"https:\/\/blogdorogeriogomes.com.br\/noticias\/wp-json\/wp\/v2\/types\/post"}],"author":[{"embeddable":true,"href":"https:\/\/blogdorogeriogomes.com.br\/noticias\/wp-json\/wp\/v2\/users\/1"}],"replies":[{"embeddable":true,"href":"https:\/\/blogdorogeriogomes.com.br\/noticias\/wp-json\/wp\/v2\/comments?post=23474"}],"version-history":[{"count":1,"href":"https:\/\/blogdorogeriogomes.com.br\/noticias\/wp-json\/wp\/v2\/posts\/23474\/revisions"}],"predecessor-version":[{"id":23476,"href":"https:\/\/blogdorogeriogomes.com.br\/noticias\/wp-json\/wp\/v2\/posts\/23474\/revisions\/23476"}],"wp:featuredmedia":[{"embeddable":true,"href":"https:\/\/blogdorogeriogomes.com.br\/noticias\/wp-json\/wp\/v2\/media\/23475"}],"wp:attachment":[{"href":"https:\/\/blogdorogeriogomes.com.br\/noticias\/wp-json\/wp\/v2\/media?parent=23474"}],"wp:term":[{"taxonomy":"category","embeddable":true,"href":"https:\/\/blogdorogeriogomes.com.br\/noticias\/wp-json\/wp\/v2\/categories?post=23474"},{"taxonomy":"post_tag","embeddable":true,"href":"https:\/\/blogdorogeriogomes.com.br\/noticias\/wp-json\/wp\/v2\/tags?post=23474"}],"curies":[{"name":"wp","href":"https:\/\/api.w.org\/{rel}","templated":true}]}}