{"id":23477,"date":"2021-11-19T20:24:32","date_gmt":"2021-11-19T20:24:32","guid":{"rendered":"https:\/\/blogdorogeriogomes.com.br\/?p=23477"},"modified":"2021-11-22T11:04:43","modified_gmt":"2021-11-22T11:04:43","slug":"prefeitura-de-fortaleza-inicia-aplicacao-de-dose-de-reforco-para-publico-abaixo-de-60-anos","status":"publish","type":"post","link":"https:\/\/blogdorogeriogomes.com.br\/noticias\/2021\/11\/prefeitura-de-fortaleza-inicia-aplicacao-de-dose-de-reforco-para-publico-abaixo-de-60-anos\/","title":{"rendered":"Prefeitura de Fortaleza inicia aplica\u00e7\u00e3o de dose de refor\u00e7o para p\u00fablico abaixo de 60 anos"},"content":{"rendered":"\n<p>A Prefeitura de Fortaleza avan\u00e7a na campanha de vacina\u00e7\u00e3o contra a Covid-19 e amplia a aplica\u00e7\u00e3o da terceira dose para a popula\u00e7\u00e3o em geral. O agendamento deste p\u00fablico est\u00e1 ocorrendo em ordem decrescente de idade e, a partir deste s\u00e1bado, dia 20 de novembro, alcan\u00e7a a popula\u00e7\u00e3o abaixo de 60 anos. O intervalo entre a segunda e a terceira dose de refor\u00e7o \u00e9 de cinco meses, segundo o que passou a determinar o Minist\u00e9rio da Sa\u00fade.<\/p>\n\n\n\n<p>A lista com os nomes dos agendados est\u00e1 dispon\u00edvel no site&nbsp;coronavirus.fortaleza.ce.gov.br<\/p>\n\n\n\n<p>Tamb\u00e9m \u00e9 poss\u00edvel consultar pelo site vacineja.sepog.fortaleza.ce.gov.br<\/p>\n\n\n\n<p>Para o p\u00fablico que recebeu a dose \u00fanica da marca Janssen, de acordo o Minist\u00e9rio da Sa\u00fade, dever\u00e1 ser aplicada uma segunda dose da mesma marca antes da dose de refor\u00e7o. Com isso, Fortaleza aguarda o envio de novos lotes dessa marca para dar continuidade ao esquema vacinal do p\u00fablico contemplado.<\/p>\n\n\n\n<figure class=\"wp-block-image size-large\"><img loading=\"lazy\" decoding=\"async\" width=\"678\" height=\"452\" src=\"https:\/\/blogdorogeriogomes.com.br\/wp-content\/uploads\/2021\/11\/images-26.jpeg\" alt=\"\" class=\"wp-image-23478\" srcset=\"https:\/\/blogdorogeriogomes.com.br\/noticias\/wp-content\/uploads\/2021\/11\/images-26.jpeg 678w, https:\/\/blogdorogeriogomes.com.br\/noticias\/wp-content\/uploads\/2021\/11\/images-26-300x200.jpeg 300w\" sizes=\"auto, (max-width: 678px) 100vw, 678px\" \/><\/figure>\n","protected":false},"excerpt":{"rendered":"<p>A Prefeitura de Fortaleza avan\u00e7a na campanha de vacina\u00e7\u00e3o contra a Covid-19 e amplia a aplica\u00e7\u00e3o da terceira dose para a popula\u00e7\u00e3o em geral. O agendamento deste p\u00fablico est\u00e1 ocorrendo em ordem decrescente de idade e, a partir deste s\u00e1bado, dia 20 de novembro, alcan\u00e7a a popula\u00e7\u00e3o abaixo de 60 anos. O intervalo entre a segunda e a terceira dose de refor\u00e7o \u00e9 de cinco meses, segundo o que passou a determinar o Minist\u00e9rio da Sa\u00fade. A lista com&hellip;<\/p>\n","protected":false},"author":1,"featured_media":23478,"comment_status":"open","ping_status":"open","sticky":false,"template":"","format":"standard","meta":{"footnotes":""},"categories":[1],"tags":[],"class_list":["post-23477","post","type-post","status-publish","format-standard","has-post-thumbnail","hentry","category-noticias"],"_links":{"self":[{"href":"https:\/\/blogdorogeriogomes.com.br\/noticias\/wp-json\/wp\/v2\/posts\/23477","targetHints":{"allow":["GET"]}}],"collection":[{"href":"https:\/\/blogdorogeriogomes.com.br\/noticias\/wp-json\/wp\/v2\/posts"}],"about":[{"href":"https:\/\/blogdorogeriogomes.com.br\/noticias\/wp-json\/wp\/v2\/types\/post"}],"author":[{"embeddable":true,"href":"https:\/\/blogdorogeriogomes.com.br\/noticias\/wp-json\/wp\/v2\/users\/1"}],"replies":[{"embeddable":true,"href":"https:\/\/blogdorogeriogomes.com.br\/noticias\/wp-json\/wp\/v2\/comments?post=23477"}],"version-history":[{"count":2,"href":"https:\/\/blogdorogeriogomes.com.br\/noticias\/wp-json\/wp\/v2\/posts\/23477\/revisions"}],"predecessor-version":[{"id":23483,"href":"https:\/\/blogdorogeriogomes.com.br\/noticias\/wp-json\/wp\/v2\/posts\/23477\/revisions\/23483"}],"wp:featuredmedia":[{"embeddable":true,"href":"https:\/\/blogdorogeriogomes.com.br\/noticias\/wp-json\/wp\/v2\/media\/23478"}],"wp:attachment":[{"href":"https:\/\/blogdorogeriogomes.com.br\/noticias\/wp-json\/wp\/v2\/media?parent=23477"}],"wp:term":[{"taxonomy":"category","embeddable":true,"href":"https:\/\/blogdorogeriogomes.com.br\/noticias\/wp-json\/wp\/v2\/categories?post=23477"},{"taxonomy":"post_tag","embeddable":true,"href":"https:\/\/blogdorogeriogomes.com.br\/noticias\/wp-json\/wp\/v2\/tags?post=23477"}],"curies":[{"name":"wp","href":"https:\/\/api.w.org\/{rel}","templated":true}]}}