{"id":23480,"date":"2021-11-19T20:41:25","date_gmt":"2021-11-19T20:41:25","guid":{"rendered":"https:\/\/blogdorogeriogomes.com.br\/?p=23480"},"modified":"2021-11-22T11:04:46","modified_gmt":"2021-11-22T11:04:46","slug":"camilo-santana-e-deputados-federais-visitam-obras-do-hospital-universitario-da-uece-na-proxima-segunda-feira","status":"publish","type":"post","link":"https:\/\/blogdorogeriogomes.com.br\/noticias\/2021\/11\/camilo-santana-e-deputados-federais-visitam-obras-do-hospital-universitario-da-uece-na-proxima-segunda-feira\/","title":{"rendered":"Camilo Santana e deputados federais visitam obras do hospital universit\u00e1rio da Uece na pr\u00f3xima segunda-feira"},"content":{"rendered":"\n<p>O governador Camilo Santana e deputados federais do Cear\u00e1 visitam, nesta segunda-feira, dia 22 de novembro, as obras do Hospital Universit\u00e1rio do Cear\u00e1, no bairro Itaperi, em Fortaleza. O equipamento est\u00e1 sendo constru\u00eddo com recursos estaduais e federais. A previs\u00e3o \u00e9 que a unidade hospitalar esteja pronta em 2023.<\/p>\n\n\n\n<p>Com investimento total de R$ 274,7 milh\u00f5es, o complexo hospitalar vai ocupar uma \u00e1rea de 79,5 mil m\u00b2 dentro da Universidade Estadual do Cear\u00e1 (Uece). Ao todo, ser\u00e3o 654 leitos de interna\u00e7\u00e3o distribu\u00eddos em tr\u00eas torres (cl\u00ednica, cir\u00fargica e materno-infantil), sendo 184 leitos de UTI (Unidade de Terapia Intensiva).<\/p>\n\n\n\n<figure class=\"wp-block-image size-large\"><img loading=\"lazy\" decoding=\"async\" width=\"1024\" height=\"683\" src=\"https:\/\/blogdorogeriogomes.com.br\/wp-content\/uploads\/2021\/11\/WhatsApp-Image-2021-10-27-at-14.09.05-2-1024x683.jpeg\" alt=\"\" class=\"wp-image-23481\" srcset=\"https:\/\/blogdorogeriogomes.com.br\/noticias\/wp-content\/uploads\/2021\/11\/WhatsApp-Image-2021-10-27-at-14.09.05-2-1024x683.jpeg 1024w, https:\/\/blogdorogeriogomes.com.br\/noticias\/wp-content\/uploads\/2021\/11\/WhatsApp-Image-2021-10-27-at-14.09.05-2-300x200.jpeg 300w, https:\/\/blogdorogeriogomes.com.br\/noticias\/wp-content\/uploads\/2021\/11\/WhatsApp-Image-2021-10-27-at-14.09.05-2-768x512.jpeg 768w, https:\/\/blogdorogeriogomes.com.br\/noticias\/wp-content\/uploads\/2021\/11\/WhatsApp-Image-2021-10-27-at-14.09.05-2-800x533.jpeg 800w, https:\/\/blogdorogeriogomes.com.br\/noticias\/wp-content\/uploads\/2021\/11\/WhatsApp-Image-2021-10-27-at-14.09.05-2.jpeg 1200w\" sizes=\"auto, (max-width: 1024px) 100vw, 1024px\" \/><\/figure>\n","protected":false},"excerpt":{"rendered":"<p>O governador Camilo Santana e deputados federais do Cear\u00e1 visitam, nesta segunda-feira, dia 22 de novembro, as obras do Hospital Universit\u00e1rio do Cear\u00e1, no bairro Itaperi, em Fortaleza. O equipamento est\u00e1 sendo constru\u00eddo com recursos estaduais e federais. A previs\u00e3o \u00e9 que a unidade hospitalar esteja pronta em 2023. Com investimento total de R$ 274,7 milh\u00f5es, o complexo hospitalar vai ocupar uma \u00e1rea de 79,5 mil m\u00b2 dentro da Universidade Estadual do Cear\u00e1 (Uece). Ao todo, ser\u00e3o 654 leitos&hellip;<\/p>\n","protected":false},"author":1,"featured_media":23481,"comment_status":"open","ping_status":"open","sticky":false,"template":"","format":"standard","meta":{"footnotes":""},"categories":[1],"tags":[],"class_list":["post-23480","post","type-post","status-publish","format-standard","has-post-thumbnail","hentry","category-noticias"],"_links":{"self":[{"href":"https:\/\/blogdorogeriogomes.com.br\/noticias\/wp-json\/wp\/v2\/posts\/23480","targetHints":{"allow":["GET"]}}],"collection":[{"href":"https:\/\/blogdorogeriogomes.com.br\/noticias\/wp-json\/wp\/v2\/posts"}],"about":[{"href":"https:\/\/blogdorogeriogomes.com.br\/noticias\/wp-json\/wp\/v2\/types\/post"}],"author":[{"embeddable":true,"href":"https:\/\/blogdorogeriogomes.com.br\/noticias\/wp-json\/wp\/v2\/users\/1"}],"replies":[{"embeddable":true,"href":"https:\/\/blogdorogeriogomes.com.br\/noticias\/wp-json\/wp\/v2\/comments?post=23480"}],"version-history":[{"count":1,"href":"https:\/\/blogdorogeriogomes.com.br\/noticias\/wp-json\/wp\/v2\/posts\/23480\/revisions"}],"predecessor-version":[{"id":23482,"href":"https:\/\/blogdorogeriogomes.com.br\/noticias\/wp-json\/wp\/v2\/posts\/23480\/revisions\/23482"}],"wp:featuredmedia":[{"embeddable":true,"href":"https:\/\/blogdorogeriogomes.com.br\/noticias\/wp-json\/wp\/v2\/media\/23481"}],"wp:attachment":[{"href":"https:\/\/blogdorogeriogomes.com.br\/noticias\/wp-json\/wp\/v2\/media?parent=23480"}],"wp:term":[{"taxonomy":"category","embeddable":true,"href":"https:\/\/blogdorogeriogomes.com.br\/noticias\/wp-json\/wp\/v2\/categories?post=23480"},{"taxonomy":"post_tag","embeddable":true,"href":"https:\/\/blogdorogeriogomes.com.br\/noticias\/wp-json\/wp\/v2\/tags?post=23480"}],"curies":[{"name":"wp","href":"https:\/\/api.w.org\/{rel}","templated":true}]}}