{"id":23492,"date":"2021-11-22T23:10:50","date_gmt":"2021-11-22T23:10:50","guid":{"rendered":"https:\/\/blogdorogeriogomes.com.br\/?p=23492"},"modified":"2021-11-23T10:52:20","modified_gmt":"2021-11-23T10:52:20","slug":"camilo-santana-avalia-que-ainda-nao-e-momento-de-festas-de-reveillon-e-carnaval-com-grandes-concentracoes-de-pessoas","status":"publish","type":"post","link":"https:\/\/blogdorogeriogomes.com.br\/noticias\/2021\/11\/camilo-santana-avalia-que-ainda-nao-e-momento-de-festas-de-reveillon-e-carnaval-com-grandes-concentracoes-de-pessoas\/","title":{"rendered":"Camilo Santana avalia que ainda n\u00e3o \u00e9 momento de festas de R\u00e9veillon e Carnaval com grandes concentra\u00e7\u00f5es de pessoas"},"content":{"rendered":"\n<p>Em coletiva \u00e0 imprensa ao lado do prefeito de Fortaleza, Jos\u00e9 Sarto, na visita \u00e0s obras do Hospital Universit\u00e1rio da Uece, o governador Camilo Santana explicou porque n\u00e3o \u00e9 favor\u00e1vel a ocorr\u00eancia de festas de R\u00e9veillon e Carnaval com grande concentra\u00e7\u00e3o de pessoas. Apesar da queda nos casos e mortes por Covid-19, Camilo Santana avalia que ainda n\u00e3o \u00e9 prudente a realiza\u00e7\u00e3o de &#8220;qualquer tipo de festa que n\u00e3o haja controle absoluto ao acesso das pessoas. Estamos falando de espa\u00e7os aberto que v\u00e3o aglutinar 500 mil pessoas. Qual vai ser o n\u00edvel de controle?&#8221;.<\/p>\n\n\n\n<p>O governador do Cear\u00e1 pondera que em pa\u00edses que est\u00e3o vacinando pouco, a pandemia tem mostrado o crescimento de pessoas infectadas. Camilo considera que \u00e9 necess\u00e1rio manter os cuidados. Da\u00ed a import\u00e2ncia de se cobrar o passaporte de vacina\u00e7\u00e3o para os eventos sociais. &#8220;Seria uma trag\u00e9dia para o Cear\u00e1 uma retomada de outra onda da Covid aqui&#8221;,&nbsp;resumiu.<\/p>\n\n\n\n<p>O&nbsp;prefeito de Fortaleza, Jos\u00e9 Sarto, reafirmou que a decis\u00e3o sobre realiza\u00e7\u00e3o de festa de grandes eventos na Capital sempre esteve condicionada \u00e0 situa\u00e7\u00e3o epidemiol\u00f3gica e delibera\u00e7\u00e3o do comit\u00ea estadual de enfrentamento \u00e0 Covid-19. Sarto destacou que, como m\u00e9dico e prefeito da Capital, a prioridade agora \u00e9 avan\u00e7ar na vacina\u00e7\u00e3o.<\/p>\n\n\n\n<figure class=\"wp-block-image size-large\"><img loading=\"lazy\" decoding=\"async\" width=\"1024\" height=\"683\" src=\"https:\/\/blogdorogeriogomes.com.br\/wp-content\/uploads\/2021\/11\/211122_VISTORIA-HOSP-UECE_TS9782-1200x800-1-1024x683.jpg\" alt=\"\" class=\"wp-image-23493\" srcset=\"https:\/\/blogdorogeriogomes.com.br\/noticias\/wp-content\/uploads\/2021\/11\/211122_VISTORIA-HOSP-UECE_TS9782-1200x800-1-1024x683.jpg 1024w, https:\/\/blogdorogeriogomes.com.br\/noticias\/wp-content\/uploads\/2021\/11\/211122_VISTORIA-HOSP-UECE_TS9782-1200x800-1-300x200.jpg 300w, https:\/\/blogdorogeriogomes.com.br\/noticias\/wp-content\/uploads\/2021\/11\/211122_VISTORIA-HOSP-UECE_TS9782-1200x800-1-768x512.jpg 768w, https:\/\/blogdorogeriogomes.com.br\/noticias\/wp-content\/uploads\/2021\/11\/211122_VISTORIA-HOSP-UECE_TS9782-1200x800-1-800x533.jpg 800w, https:\/\/blogdorogeriogomes.com.br\/noticias\/wp-content\/uploads\/2021\/11\/211122_VISTORIA-HOSP-UECE_TS9782-1200x800-1.jpg 1200w\" sizes=\"auto, (max-width: 1024px) 100vw, 1024px\" \/><\/figure>\n","protected":false},"excerpt":{"rendered":"<p>Em coletiva \u00e0 imprensa ao lado do prefeito de Fortaleza, Jos\u00e9 Sarto, na visita \u00e0s obras do Hospital Universit\u00e1rio da Uece, o governador Camilo Santana explicou porque n\u00e3o \u00e9 favor\u00e1vel a ocorr\u00eancia de festas de R\u00e9veillon e Carnaval com grande concentra\u00e7\u00e3o de pessoas. Apesar da queda nos casos e mortes por Covid-19, Camilo Santana avalia que ainda n\u00e3o \u00e9 prudente a realiza\u00e7\u00e3o de &#8220;qualquer tipo de festa que n\u00e3o haja controle absoluto ao acesso das pessoas. Estamos falando de&hellip;<\/p>\n","protected":false},"author":1,"featured_media":23493,"comment_status":"open","ping_status":"open","sticky":false,"template":"","format":"standard","meta":{"footnotes":""},"categories":[1],"tags":[],"class_list":["post-23492","post","type-post","status-publish","format-standard","has-post-thumbnail","hentry","category-noticias"],"_links":{"self":[{"href":"https:\/\/blogdorogeriogomes.com.br\/noticias\/wp-json\/wp\/v2\/posts\/23492","targetHints":{"allow":["GET"]}}],"collection":[{"href":"https:\/\/blogdorogeriogomes.com.br\/noticias\/wp-json\/wp\/v2\/posts"}],"about":[{"href":"https:\/\/blogdorogeriogomes.com.br\/noticias\/wp-json\/wp\/v2\/types\/post"}],"author":[{"embeddable":true,"href":"https:\/\/blogdorogeriogomes.com.br\/noticias\/wp-json\/wp\/v2\/users\/1"}],"replies":[{"embeddable":true,"href":"https:\/\/blogdorogeriogomes.com.br\/noticias\/wp-json\/wp\/v2\/comments?post=23492"}],"version-history":[{"count":2,"href":"https:\/\/blogdorogeriogomes.com.br\/noticias\/wp-json\/wp\/v2\/posts\/23492\/revisions"}],"predecessor-version":[{"id":23505,"href":"https:\/\/blogdorogeriogomes.com.br\/noticias\/wp-json\/wp\/v2\/posts\/23492\/revisions\/23505"}],"wp:featuredmedia":[{"embeddable":true,"href":"https:\/\/blogdorogeriogomes.com.br\/noticias\/wp-json\/wp\/v2\/media\/23493"}],"wp:attachment":[{"href":"https:\/\/blogdorogeriogomes.com.br\/noticias\/wp-json\/wp\/v2\/media?parent=23492"}],"wp:term":[{"taxonomy":"category","embeddable":true,"href":"https:\/\/blogdorogeriogomes.com.br\/noticias\/wp-json\/wp\/v2\/categories?post=23492"},{"taxonomy":"post_tag","embeddable":true,"href":"https:\/\/blogdorogeriogomes.com.br\/noticias\/wp-json\/wp\/v2\/tags?post=23492"}],"curies":[{"name":"wp","href":"https:\/\/api.w.org\/{rel}","templated":true}]}}