{"id":23498,"date":"2021-11-23T09:44:09","date_gmt":"2021-11-23T09:44:09","guid":{"rendered":"https:\/\/blogdorogeriogomes.com.br\/?p=23498"},"modified":"2021-11-23T10:51:54","modified_gmt":"2021-11-23T10:51:54","slug":"fortaleza-passa-a-ter-ponto-exclusivo-de-vacinacao-para-alunos-da-rede-publica-no-centro-de-eventos","status":"publish","type":"post","link":"https:\/\/blogdorogeriogomes.com.br\/noticias\/2021\/11\/fortaleza-passa-a-ter-ponto-exclusivo-de-vacinacao-para-alunos-da-rede-publica-no-centro-de-eventos\/","title":{"rendered":"Fortaleza passa a ter ponto exclusivo de vacina\u00e7\u00e3o para alunos da rede p\u00fablica no Centro de Eventos"},"content":{"rendered":"\n<p>Com o objetivo de atender alunos da Rede Municipal que ainda n\u00e3o receberam a 1\u00aa dose da vacina contra Covid-19, a Prefeitura de Fortaleza inicia, nesta ter\u00e7a-feira, dia 23 de novembro, um novo ponto de vacina\u00e7\u00e3o exclusivo no Centro de Eventos. A iniciativa faz parte da a\u00e7\u00e3o que a Prefeitura realiza, por meio da Secretaria Municipal da Educa\u00e7\u00e3o (SME) e Secretaria Municipal da Sa\u00fade (SMS), desde o \u00faltimo dia 16 at\u00e9 dia 30 de novembro, com a meta de vacinar os estudantes de 12 a 17 anos matriculados nas escolas municipais.<\/p>\n\n\n\n<p>A SME est\u00e1 disponibilizando transporte para levar os alunos ao Centro de Eventos e aos postos de sa\u00fade da Capital. O n\u00famero atual de alunos vacinados na Rede passa a ser 50.462, o que representa 73% dos adolescentes matriculados. A meta agora \u00e9 vacinar os 23 mil que faltam at\u00e9 o dia 30 de novembro.<\/p>\n\n\n\n<figure class=\"wp-block-image size-large\"><img loading=\"lazy\" decoding=\"async\" width=\"1024\" height=\"608\" src=\"https:\/\/blogdorogeriogomes.com.br\/wp-content\/uploads\/2021\/11\/WhatsApp-Image-2021-11-22-at-20.30.05-1024x608.jpeg\" alt=\"\" class=\"wp-image-23499\" srcset=\"https:\/\/blogdorogeriogomes.com.br\/noticias\/wp-content\/uploads\/2021\/11\/WhatsApp-Image-2021-11-22-at-20.30.05-1024x608.jpeg 1024w, https:\/\/blogdorogeriogomes.com.br\/noticias\/wp-content\/uploads\/2021\/11\/WhatsApp-Image-2021-11-22-at-20.30.05-300x178.jpeg 300w, https:\/\/blogdorogeriogomes.com.br\/noticias\/wp-content\/uploads\/2021\/11\/WhatsApp-Image-2021-11-22-at-20.30.05-768x456.jpeg 768w, https:\/\/blogdorogeriogomes.com.br\/noticias\/wp-content\/uploads\/2021\/11\/WhatsApp-Image-2021-11-22-at-20.30.05-800x475.jpeg 800w, https:\/\/blogdorogeriogomes.com.br\/noticias\/wp-content\/uploads\/2021\/11\/WhatsApp-Image-2021-11-22-at-20.30.05.jpeg 1280w\" sizes=\"auto, (max-width: 1024px) 100vw, 1024px\" \/><\/figure>\n","protected":false},"excerpt":{"rendered":"<p>Com o objetivo de atender alunos da Rede Municipal que ainda n\u00e3o receberam a 1\u00aa dose da vacina contra Covid-19, a Prefeitura de Fortaleza inicia, nesta ter\u00e7a-feira, dia 23 de novembro, um novo ponto de vacina\u00e7\u00e3o exclusivo no Centro de Eventos. A iniciativa faz parte da a\u00e7\u00e3o que a Prefeitura realiza, por meio da Secretaria Municipal da Educa\u00e7\u00e3o (SME) e Secretaria Municipal da Sa\u00fade (SMS), desde o \u00faltimo dia 16 at\u00e9 dia 30 de novembro, com a meta de&hellip;<\/p>\n","protected":false},"author":1,"featured_media":23499,"comment_status":"open","ping_status":"open","sticky":false,"template":"","format":"standard","meta":{"footnotes":""},"categories":[1],"tags":[],"class_list":["post-23498","post","type-post","status-publish","format-standard","has-post-thumbnail","hentry","category-noticias"],"_links":{"self":[{"href":"https:\/\/blogdorogeriogomes.com.br\/noticias\/wp-json\/wp\/v2\/posts\/23498","targetHints":{"allow":["GET"]}}],"collection":[{"href":"https:\/\/blogdorogeriogomes.com.br\/noticias\/wp-json\/wp\/v2\/posts"}],"about":[{"href":"https:\/\/blogdorogeriogomes.com.br\/noticias\/wp-json\/wp\/v2\/types\/post"}],"author":[{"embeddable":true,"href":"https:\/\/blogdorogeriogomes.com.br\/noticias\/wp-json\/wp\/v2\/users\/1"}],"replies":[{"embeddable":true,"href":"https:\/\/blogdorogeriogomes.com.br\/noticias\/wp-json\/wp\/v2\/comments?post=23498"}],"version-history":[{"count":1,"href":"https:\/\/blogdorogeriogomes.com.br\/noticias\/wp-json\/wp\/v2\/posts\/23498\/revisions"}],"predecessor-version":[{"id":23500,"href":"https:\/\/blogdorogeriogomes.com.br\/noticias\/wp-json\/wp\/v2\/posts\/23498\/revisions\/23500"}],"wp:featuredmedia":[{"embeddable":true,"href":"https:\/\/blogdorogeriogomes.com.br\/noticias\/wp-json\/wp\/v2\/media\/23499"}],"wp:attachment":[{"href":"https:\/\/blogdorogeriogomes.com.br\/noticias\/wp-json\/wp\/v2\/media?parent=23498"}],"wp:term":[{"taxonomy":"category","embeddable":true,"href":"https:\/\/blogdorogeriogomes.com.br\/noticias\/wp-json\/wp\/v2\/categories?post=23498"},{"taxonomy":"post_tag","embeddable":true,"href":"https:\/\/blogdorogeriogomes.com.br\/noticias\/wp-json\/wp\/v2\/tags?post=23498"}],"curies":[{"name":"wp","href":"https:\/\/api.w.org\/{rel}","templated":true}]}}