{"id":23506,"date":"2021-11-23T15:49:54","date_gmt":"2021-11-23T15:49:54","guid":{"rendered":"https:\/\/blogdorogeriogomes.com.br\/?p=23506"},"modified":"2021-11-24T10:42:58","modified_gmt":"2021-11-24T10:42:58","slug":"assembleia-legislativa-e-trends-lancam-projeto-para-ouvir-as-demandas-do-setor-produtivo","status":"publish","type":"post","link":"https:\/\/blogdorogeriogomes.com.br\/noticias\/2021\/11\/assembleia-legislativa-e-trends-lancam-projeto-para-ouvir-as-demandas-do-setor-produtivo\/","title":{"rendered":"Assembleia Legislativa e Trends lan\u00e7am projeto para ouvir as demandas do setor produtivo"},"content":{"rendered":"\n<p>A Assembleia Legislativa do Estado Cear\u00e1 lan\u00e7ou nesta ter\u00e7a-feira, dia 23 de novembro, em parceria com a Trends, o Move Cear\u00e1. A iniciativa tem por objetivo estimular o fortalecimento da economia cearense e contribuir para a retomada do crescimento econ\u00f4mico no Estado com gera\u00e7\u00e3o de emprego e renda neste momento de supera\u00e7\u00e3o da pandemia do coronav\u00edrus.<\/p>\n\n\n\n<p>O lan\u00e7amento, realizado no audit\u00f3rio Murilo Aguiar, contou com as presen\u00e7as do presidente da Assembleia, deputado Evandro Leit\u00e3o, do presidente do Conselho de Altos Estudos e Assuntos Estrat\u00e9gicos da Casa, deputado Tin Gomes, do CEO da Trends, Marcos Andr\u00e9 Borges, al\u00e9m de parlamentares e representantes do setor produtivo cearense.<\/p>\n\n\n\n<p>O Move CE ouvir\u00e1 representantes do setor produtivo das 14 macrorregi\u00f5es do Estado, para identificar as principais demandas e programar a\u00e7\u00f5es que colaborem com melhorias para o cen\u00e1rio econ\u00f4mico p\u00f3s-pandemia.<\/p>\n\n\n\n<p>Evandro Leit\u00e3o ressaltou a import\u00e2ncia da parceria entre Poder P\u00fablico e iniciativa privada na constru\u00e7\u00e3o de pontes que atendam com efici\u00eancia aos principais gargalos enfrentados no contexto atual. &#8220;Hoje n\u00f3s temos mais de 60% da popula\u00e7\u00e3o cearense com esquema vacinal completo. Assim, j\u00e1 iniciamos o processo de retomada do crescimento econ\u00f4mico do Estado e, para isso, \u00e9 importante que n\u00f3s possamos ouvir todo o setor produtivo. Por meio dessas escutas, vamos apresentar documento para o Poder Executivo a fim de que a\u00e7\u00f5es sejam implementadas, e que possamos o quanto antes estarmos na vanguarda da economia do Nordeste, gerando sobretudo emprego e renda para o povo cearense&#8221;, explicou o presidente da Casa.<\/p>\n\n\n\n<p>O Move CE envolver\u00e1 o desenvolvimento de um site para divulga\u00e7\u00e3o e registro das a\u00e7\u00f5es do projeto, com produ\u00e7\u00e3o de diversos conte\u00fados, dentre os quais est\u00e3o mat\u00e9rias, levantamentos, infogr\u00e1ficos, al\u00e9m dos manifestos com os principais pontos de discuss\u00e3o e encaminhamentos de cada macrorregi\u00e3o do Estado.<\/p>\n\n\n\n<p>O calend\u00e1rio nas macrorregi\u00f5es envolve encontros nos munic\u00edpios de Juazeiro do Norte (Cariri), Iguatu (Centro Sul), Fortaleza (Grande Fortaleza), Aracati (Litoral Leste), Camocim (Litoral Norte), Itapipoca (Litoral Oeste\/Vale do Curu), Baturit\u00e9 (Maci\u00e7o de Baturit\u00e9), Tiangu\u00e1 (Serra da Ibiapaba), Quixeramobim (Sert\u00e3o Central), Canind\u00e9 (Sert\u00e3o de Canind\u00e9), Crate\u00fas (Sert\u00e3o de Crate\u00fas), Tau\u00e1 (Sert\u00e3o dos Inhamuns), Sobral (Sert\u00e3o de Sobral) e Limoeiro do Norte (Vale do Jaguaribe).<\/p>\n\n\n\n<figure class=\"wp-block-image size-large\"><img loading=\"lazy\" decoding=\"async\" width=\"1024\" height=\"895\" src=\"https:\/\/blogdorogeriogomes.com.br\/wp-content\/uploads\/2021\/11\/IMG-20211123-WA00932-1024x895.jpg\" alt=\"\" class=\"wp-image-23508\" srcset=\"https:\/\/blogdorogeriogomes.com.br\/noticias\/wp-content\/uploads\/2021\/11\/IMG-20211123-WA00932-1024x895.jpg 1024w, https:\/\/blogdorogeriogomes.com.br\/noticias\/wp-content\/uploads\/2021\/11\/IMG-20211123-WA00932-300x262.jpg 300w, https:\/\/blogdorogeriogomes.com.br\/noticias\/wp-content\/uploads\/2021\/11\/IMG-20211123-WA00932-768x671.jpg 768w, https:\/\/blogdorogeriogomes.com.br\/noticias\/wp-content\/uploads\/2021\/11\/IMG-20211123-WA00932-800x699.jpg 800w, https:\/\/blogdorogeriogomes.com.br\/noticias\/wp-content\/uploads\/2021\/11\/IMG-20211123-WA00932.jpg 1042w\" sizes=\"auto, (max-width: 1024px) 100vw, 1024px\" \/><\/figure>\n","protected":false},"excerpt":{"rendered":"<p>A Assembleia Legislativa do Estado Cear\u00e1 lan\u00e7ou nesta ter\u00e7a-feira, dia 23 de novembro, em parceria com a Trends, o Move Cear\u00e1. A iniciativa tem por objetivo estimular o fortalecimento da economia cearense e contribuir para a retomada do crescimento econ\u00f4mico no Estado com gera\u00e7\u00e3o de emprego e renda neste momento de supera\u00e7\u00e3o da pandemia do coronav\u00edrus. O lan\u00e7amento, realizado no audit\u00f3rio Murilo Aguiar, contou com as presen\u00e7as do presidente da Assembleia, deputado Evandro Leit\u00e3o, do presidente do Conselho de&hellip;<\/p>\n","protected":false},"author":1,"featured_media":23508,"comment_status":"open","ping_status":"open","sticky":false,"template":"","format":"standard","meta":{"footnotes":""},"categories":[1],"tags":[],"class_list":["post-23506","post","type-post","status-publish","format-standard","has-post-thumbnail","hentry","category-noticias"],"_links":{"self":[{"href":"https:\/\/blogdorogeriogomes.com.br\/noticias\/wp-json\/wp\/v2\/posts\/23506","targetHints":{"allow":["GET"]}}],"collection":[{"href":"https:\/\/blogdorogeriogomes.com.br\/noticias\/wp-json\/wp\/v2\/posts"}],"about":[{"href":"https:\/\/blogdorogeriogomes.com.br\/noticias\/wp-json\/wp\/v2\/types\/post"}],"author":[{"embeddable":true,"href":"https:\/\/blogdorogeriogomes.com.br\/noticias\/wp-json\/wp\/v2\/users\/1"}],"replies":[{"embeddable":true,"href":"https:\/\/blogdorogeriogomes.com.br\/noticias\/wp-json\/wp\/v2\/comments?post=23506"}],"version-history":[{"count":1,"href":"https:\/\/blogdorogeriogomes.com.br\/noticias\/wp-json\/wp\/v2\/posts\/23506\/revisions"}],"predecessor-version":[{"id":23509,"href":"https:\/\/blogdorogeriogomes.com.br\/noticias\/wp-json\/wp\/v2\/posts\/23506\/revisions\/23509"}],"wp:featuredmedia":[{"embeddable":true,"href":"https:\/\/blogdorogeriogomes.com.br\/noticias\/wp-json\/wp\/v2\/media\/23508"}],"wp:attachment":[{"href":"https:\/\/blogdorogeriogomes.com.br\/noticias\/wp-json\/wp\/v2\/media?parent=23506"}],"wp:term":[{"taxonomy":"category","embeddable":true,"href":"https:\/\/blogdorogeriogomes.com.br\/noticias\/wp-json\/wp\/v2\/categories?post=23506"},{"taxonomy":"post_tag","embeddable":true,"href":"https:\/\/blogdorogeriogomes.com.br\/noticias\/wp-json\/wp\/v2\/tags?post=23506"}],"curies":[{"name":"wp","href":"https:\/\/api.w.org\/{rel}","templated":true}]}}