{"id":23510,"date":"2021-11-23T20:37:07","date_gmt":"2021-11-23T20:37:07","guid":{"rendered":"https:\/\/blogdorogeriogomes.com.br\/?p=23510"},"modified":"2021-11-24T10:42:48","modified_gmt":"2021-11-24T10:42:48","slug":"cdl-abre-ceara-natal-de-luz-2021-nesta-quinta-feira-no-theatro-jose-de-alencar","status":"publish","type":"post","link":"https:\/\/blogdorogeriogomes.com.br\/noticias\/2021\/11\/cdl-abre-ceara-natal-de-luz-2021-nesta-quinta-feira-no-theatro-jose-de-alencar\/","title":{"rendered":"CDL abre Cear\u00e1 Natal de Luz 2021 nesta quinta-feira no Theatro Jos\u00e9 de Alencar"},"content":{"rendered":"\n<p>Na quinta-feira, dia 25 de novembro, \u00e0s 18 horas, ser\u00e1 aberta oficialmente a 25\u00aa edi\u00e7\u00e3o do Cear\u00e1 Natal de Luz no Theatro Jos\u00e9 de Alencar (TJA), para diretoria do Instituto CDL e CDL de Fortaleza, \u00f3rg\u00e3os p\u00fablicos, autoridades, patrocinadores e imprensa.<\/p>\n\n\n\n<p>Os convidados v\u00e3o acompanhar o especial que ser\u00e1 transmitido no canal do evento no Youtube. A live conta com a apresenta\u00e7\u00e3o do Coral da Luz, dos sanfoneiros e compositores Waldonys e Chambinho do Acordeon, da cantora Amelinha e da dupla sertaneja Luis Marcelo e Gabriel.<\/p>\n\n\n\n<p>Em seguida, os presentes no TJA v\u00e3o poder assistir ao show presencial da sanfoneira e cantora Isabela Serpa, do cantor Ednardo e da cantora Vannick Belchior, filha do compositor e cantor cearense que ser\u00e1 homenageado durante a edi\u00e7\u00e3o deste ano do Cear\u00e1 Natal de Luz, acompanhadas da Orquestra do Maestro Poty.<\/p>\n\n\n\n<figure class=\"wp-block-image size-large\"><img loading=\"lazy\" decoding=\"async\" width=\"678\" height=\"452\" src=\"https:\/\/blogdorogeriogomes.com.br\/wp-content\/uploads\/2021\/11\/images-29.jpeg\" alt=\"\" class=\"wp-image-23511\" srcset=\"https:\/\/blogdorogeriogomes.com.br\/noticias\/wp-content\/uploads\/2021\/11\/images-29.jpeg 678w, https:\/\/blogdorogeriogomes.com.br\/noticias\/wp-content\/uploads\/2021\/11\/images-29-300x200.jpeg 300w\" sizes=\"auto, (max-width: 678px) 100vw, 678px\" \/><\/figure>\n\n\n\n<p><\/p>\n\n\n\n<p><\/p>\n\n\n\n<p><\/p>\n","protected":false},"excerpt":{"rendered":"<p>Na quinta-feira, dia 25 de novembro, \u00e0s 18 horas, ser\u00e1 aberta oficialmente a 25\u00aa edi\u00e7\u00e3o do Cear\u00e1 Natal de Luz no Theatro Jos\u00e9 de Alencar (TJA), para diretoria do Instituto CDL e CDL de Fortaleza, \u00f3rg\u00e3os p\u00fablicos, autoridades, patrocinadores e imprensa. Os convidados v\u00e3o acompanhar o especial que ser\u00e1 transmitido no canal do evento no Youtube. A live conta com a apresenta\u00e7\u00e3o do Coral da Luz, dos sanfoneiros e compositores Waldonys e Chambinho do Acordeon, da cantora Amelinha e&hellip;<\/p>\n","protected":false},"author":1,"featured_media":23511,"comment_status":"open","ping_status":"open","sticky":false,"template":"","format":"standard","meta":{"footnotes":""},"categories":[1],"tags":[],"class_list":["post-23510","post","type-post","status-publish","format-standard","has-post-thumbnail","hentry","category-noticias"],"_links":{"self":[{"href":"https:\/\/blogdorogeriogomes.com.br\/noticias\/wp-json\/wp\/v2\/posts\/23510","targetHints":{"allow":["GET"]}}],"collection":[{"href":"https:\/\/blogdorogeriogomes.com.br\/noticias\/wp-json\/wp\/v2\/posts"}],"about":[{"href":"https:\/\/blogdorogeriogomes.com.br\/noticias\/wp-json\/wp\/v2\/types\/post"}],"author":[{"embeddable":true,"href":"https:\/\/blogdorogeriogomes.com.br\/noticias\/wp-json\/wp\/v2\/users\/1"}],"replies":[{"embeddable":true,"href":"https:\/\/blogdorogeriogomes.com.br\/noticias\/wp-json\/wp\/v2\/comments?post=23510"}],"version-history":[{"count":1,"href":"https:\/\/blogdorogeriogomes.com.br\/noticias\/wp-json\/wp\/v2\/posts\/23510\/revisions"}],"predecessor-version":[{"id":23512,"href":"https:\/\/blogdorogeriogomes.com.br\/noticias\/wp-json\/wp\/v2\/posts\/23510\/revisions\/23512"}],"wp:featuredmedia":[{"embeddable":true,"href":"https:\/\/blogdorogeriogomes.com.br\/noticias\/wp-json\/wp\/v2\/media\/23511"}],"wp:attachment":[{"href":"https:\/\/blogdorogeriogomes.com.br\/noticias\/wp-json\/wp\/v2\/media?parent=23510"}],"wp:term":[{"taxonomy":"category","embeddable":true,"href":"https:\/\/blogdorogeriogomes.com.br\/noticias\/wp-json\/wp\/v2\/categories?post=23510"},{"taxonomy":"post_tag","embeddable":true,"href":"https:\/\/blogdorogeriogomes.com.br\/noticias\/wp-json\/wp\/v2\/tags?post=23510"}],"curies":[{"name":"wp","href":"https:\/\/api.w.org\/{rel}","templated":true}]}}