{"id":23513,"date":"2021-11-23T22:59:14","date_gmt":"2021-11-23T22:59:14","guid":{"rendered":"https:\/\/blogdorogeriogomes.com.br\/?p=23513"},"modified":"2021-11-24T10:42:37","modified_gmt":"2021-11-24T10:42:37","slug":"ceara-tem-62-da-populacao-imunizada-contra-a-covid-19-fortaleza-esta-com-85","status":"publish","type":"post","link":"https:\/\/blogdorogeriogomes.com.br\/noticias\/2021\/11\/ceara-tem-62-da-populacao-imunizada-contra-a-covid-19-fortaleza-esta-com-85\/","title":{"rendered":"Cear\u00e1 tem 62% da popula\u00e7\u00e3o imunizada contra a Covid-19. Fortaleza est\u00e1 com 85%"},"content":{"rendered":"\n<p>Quase seis milh\u00f5es de pessoas no Cear\u00e1 completaram o&nbsp;esquema vacinal contra a Covid-19, sendo duas doses de AstraZeneca, CoronaVac, Pfizer ou dose \u00fanica da Janssen. A quantidade&nbsp;equivale a cerca de 62% do total de 9,2 milh\u00f5es de pessoas que residem no Estado.&nbsp;Quanto \u00e0 popula\u00e7\u00e3o que recebeu a primeira dose (D1), s\u00e3o 6,7 milh\u00f5es de pessoas, contabilizando&nbsp;73%&nbsp;da popula\u00e7\u00e3o cearense.&nbsp;<\/p>\n\n\n\n<p>Fortaleza tem hoje mais de 92% da popula\u00e7\u00e3o com a primeira dose e quase 85% com esquema vacinal completo. Isso significa que oito em cada 10 fortalezenses est\u00e3o imunizados contra a Covid-19.<\/p>\n\n\n\n<figure class=\"wp-block-image size-large\"><img loading=\"lazy\" decoding=\"async\" width=\"512\" height=\"342\" src=\"https:\/\/blogdorogeriogomes.com.br\/wp-content\/uploads\/2021\/11\/unnamed.jpg\" alt=\"\" class=\"wp-image-23514\" srcset=\"https:\/\/blogdorogeriogomes.com.br\/noticias\/wp-content\/uploads\/2021\/11\/unnamed.jpg 512w, https:\/\/blogdorogeriogomes.com.br\/noticias\/wp-content\/uploads\/2021\/11\/unnamed-300x200.jpg 300w\" sizes=\"auto, (max-width: 512px) 100vw, 512px\" \/><\/figure>\n","protected":false},"excerpt":{"rendered":"<p>Quase seis milh\u00f5es de pessoas no Cear\u00e1 completaram o&nbsp;esquema vacinal contra a Covid-19, sendo duas doses de AstraZeneca, CoronaVac, Pfizer ou dose \u00fanica da Janssen. A quantidade&nbsp;equivale a cerca de 62% do total de 9,2 milh\u00f5es de pessoas que residem no Estado.&nbsp;Quanto \u00e0 popula\u00e7\u00e3o que recebeu a primeira dose (D1), s\u00e3o 6,7 milh\u00f5es de pessoas, contabilizando&nbsp;73%&nbsp;da popula\u00e7\u00e3o cearense.&nbsp; Fortaleza tem hoje mais de 92% da popula\u00e7\u00e3o com a primeira dose e quase 85% com esquema vacinal completo. Isso significa&hellip;<\/p>\n","protected":false},"author":1,"featured_media":23514,"comment_status":"open","ping_status":"open","sticky":false,"template":"","format":"standard","meta":{"footnotes":""},"categories":[1],"tags":[],"class_list":["post-23513","post","type-post","status-publish","format-standard","has-post-thumbnail","hentry","category-noticias"],"_links":{"self":[{"href":"https:\/\/blogdorogeriogomes.com.br\/noticias\/wp-json\/wp\/v2\/posts\/23513","targetHints":{"allow":["GET"]}}],"collection":[{"href":"https:\/\/blogdorogeriogomes.com.br\/noticias\/wp-json\/wp\/v2\/posts"}],"about":[{"href":"https:\/\/blogdorogeriogomes.com.br\/noticias\/wp-json\/wp\/v2\/types\/post"}],"author":[{"embeddable":true,"href":"https:\/\/blogdorogeriogomes.com.br\/noticias\/wp-json\/wp\/v2\/users\/1"}],"replies":[{"embeddable":true,"href":"https:\/\/blogdorogeriogomes.com.br\/noticias\/wp-json\/wp\/v2\/comments?post=23513"}],"version-history":[{"count":2,"href":"https:\/\/blogdorogeriogomes.com.br\/noticias\/wp-json\/wp\/v2\/posts\/23513\/revisions"}],"predecessor-version":[{"id":23518,"href":"https:\/\/blogdorogeriogomes.com.br\/noticias\/wp-json\/wp\/v2\/posts\/23513\/revisions\/23518"}],"wp:featuredmedia":[{"embeddable":true,"href":"https:\/\/blogdorogeriogomes.com.br\/noticias\/wp-json\/wp\/v2\/media\/23514"}],"wp:attachment":[{"href":"https:\/\/blogdorogeriogomes.com.br\/noticias\/wp-json\/wp\/v2\/media?parent=23513"}],"wp:term":[{"taxonomy":"category","embeddable":true,"href":"https:\/\/blogdorogeriogomes.com.br\/noticias\/wp-json\/wp\/v2\/categories?post=23513"},{"taxonomy":"post_tag","embeddable":true,"href":"https:\/\/blogdorogeriogomes.com.br\/noticias\/wp-json\/wp\/v2\/tags?post=23513"}],"curies":[{"name":"wp","href":"https:\/\/api.w.org\/{rel}","templated":true}]}}