{"id":23521,"date":"2021-11-24T11:15:33","date_gmt":"2021-11-24T11:15:33","guid":{"rendered":"https:\/\/blogdorogeriogomes.com.br\/?p=23521"},"modified":"2021-11-25T11:45:17","modified_gmt":"2021-11-25T11:45:17","slug":"metrofor-tera-concurso-publico-para-150-vagas-em-2022","status":"publish","type":"post","link":"https:\/\/blogdorogeriogomes.com.br\/noticias\/2021\/11\/metrofor-tera-concurso-publico-para-150-vagas-em-2022\/","title":{"rendered":"Metrofor ter\u00e1 concurso p\u00fablico para 150 vagas em 2022. H\u00e1 outros oito certames previstos no Cear\u00e1"},"content":{"rendered":"\n<p>O Governo do Cear\u00e1 confirma a realiza\u00e7\u00e3o de um concurso p\u00fablico para 150 vagas para o Metrofor em 2022. De acordo com o governador Camilo Santana, a expectativa \u00e9 que o edital j\u00e1 possa ser lan\u00e7ado ainda no pr\u00f3ximo m\u00eas de janeiro.<\/p>\n\n\n\n<p>Outros concursos p\u00fablicos j\u00e1 foram anunciados para acontecer no pr\u00f3ximo ano. Est\u00e3o previstos certames para a Superintend\u00eancia Estadual do Meio Ambiente (Semace); Procuradoria-Geral do Estado (PGE); Universidade Estadual do Cear\u00e1 (Uece); Universidade Vale do Acara\u00fa (UVA); Universidade Regional do Cariri (Urca); Secretaria do Desenvolvimento Agr\u00e1rio (SDA); Secretaria da Prote\u00e7\u00e3o Social, Justi\u00e7a, Cidadania, Mulheres e Direitos Humanos e Ag\u00eancia Reguladora do Estado do Cear\u00e1 (Arce).<\/p>\n\n\n\n<figure class=\"wp-block-image size-large\"><img loading=\"lazy\" decoding=\"async\" width=\"984\" height=\"655\" src=\"https:\/\/blogdorogeriogomes.com.br\/wp-content\/uploads\/2021\/11\/vlt-sobral.jpg\" alt=\"\" class=\"wp-image-23522\" srcset=\"https:\/\/blogdorogeriogomes.com.br\/noticias\/wp-content\/uploads\/2021\/11\/vlt-sobral.jpg 984w, https:\/\/blogdorogeriogomes.com.br\/noticias\/wp-content\/uploads\/2021\/11\/vlt-sobral-300x200.jpg 300w, https:\/\/blogdorogeriogomes.com.br\/noticias\/wp-content\/uploads\/2021\/11\/vlt-sobral-768x511.jpg 768w, https:\/\/blogdorogeriogomes.com.br\/noticias\/wp-content\/uploads\/2021\/11\/vlt-sobral-800x533.jpg 800w\" sizes=\"auto, (max-width: 984px) 100vw, 984px\" \/><\/figure>\n","protected":false},"excerpt":{"rendered":"<p>O Governo do Cear\u00e1 confirma a realiza\u00e7\u00e3o de um concurso p\u00fablico para 150 vagas para o Metrofor em 2022. De acordo com o governador Camilo Santana, a expectativa \u00e9 que o edital j\u00e1 possa ser lan\u00e7ado ainda no pr\u00f3ximo m\u00eas de janeiro. Outros concursos p\u00fablicos j\u00e1 foram anunciados para acontecer no pr\u00f3ximo ano. Est\u00e3o previstos certames para a Superintend\u00eancia Estadual do Meio Ambiente (Semace); Procuradoria-Geral do Estado (PGE); Universidade Estadual do Cear\u00e1 (Uece); Universidade Vale do Acara\u00fa (UVA); Universidade&hellip;<\/p>\n","protected":false},"author":1,"featured_media":23522,"comment_status":"open","ping_status":"open","sticky":false,"template":"","format":"standard","meta":{"footnotes":""},"categories":[1],"tags":[],"class_list":["post-23521","post","type-post","status-publish","format-standard","has-post-thumbnail","hentry","category-noticias"],"_links":{"self":[{"href":"https:\/\/blogdorogeriogomes.com.br\/noticias\/wp-json\/wp\/v2\/posts\/23521","targetHints":{"allow":["GET"]}}],"collection":[{"href":"https:\/\/blogdorogeriogomes.com.br\/noticias\/wp-json\/wp\/v2\/posts"}],"about":[{"href":"https:\/\/blogdorogeriogomes.com.br\/noticias\/wp-json\/wp\/v2\/types\/post"}],"author":[{"embeddable":true,"href":"https:\/\/blogdorogeriogomes.com.br\/noticias\/wp-json\/wp\/v2\/users\/1"}],"replies":[{"embeddable":true,"href":"https:\/\/blogdorogeriogomes.com.br\/noticias\/wp-json\/wp\/v2\/comments?post=23521"}],"version-history":[{"count":2,"href":"https:\/\/blogdorogeriogomes.com.br\/noticias\/wp-json\/wp\/v2\/posts\/23521\/revisions"}],"predecessor-version":[{"id":23524,"href":"https:\/\/blogdorogeriogomes.com.br\/noticias\/wp-json\/wp\/v2\/posts\/23521\/revisions\/23524"}],"wp:featuredmedia":[{"embeddable":true,"href":"https:\/\/blogdorogeriogomes.com.br\/noticias\/wp-json\/wp\/v2\/media\/23522"}],"wp:attachment":[{"href":"https:\/\/blogdorogeriogomes.com.br\/noticias\/wp-json\/wp\/v2\/media?parent=23521"}],"wp:term":[{"taxonomy":"category","embeddable":true,"href":"https:\/\/blogdorogeriogomes.com.br\/noticias\/wp-json\/wp\/v2\/categories?post=23521"},{"taxonomy":"post_tag","embeddable":true,"href":"https:\/\/blogdorogeriogomes.com.br\/noticias\/wp-json\/wp\/v2\/tags?post=23521"}],"curies":[{"name":"wp","href":"https:\/\/api.w.org\/{rel}","templated":true}]}}