{"id":23525,"date":"2021-11-24T22:34:27","date_gmt":"2021-11-24T22:34:27","guid":{"rendered":"https:\/\/blogdorogeriogomes.com.br\/?p=23525"},"modified":"2021-11-25T11:45:07","modified_gmt":"2021-11-25T11:45:07","slug":"sob-pressao-alcolumbre-decide-marcar-sabatina-de-andre-mendonca-no-senado-por-uma-vaga-no-stf","status":"publish","type":"post","link":"https:\/\/blogdorogeriogomes.com.br\/noticias\/2021\/11\/sob-pressao-alcolumbre-decide-marcar-sabatina-de-andre-mendonca-no-senado-por-uma-vaga-no-stf\/","title":{"rendered":"Sob press\u00e3o, Alcolumbre decide marcar sabatina de Andr\u00e9 Mendon\u00e7a no Senado por uma vaga no STF"},"content":{"rendered":"\n<p>Sob forte press\u00e3o pol\u00edtica, inclusive do presidente do Senado, Rodrigo Pacheco, o senador Davi Alcolumbre, que preside a Comiss\u00e3o de Constitui\u00e7\u00e3o e Justi\u00e7a do Senado, decidiu marcar para a pr\u00f3xima semana a sabatina com o ex-ministro da Justi\u00e7a, Andr\u00e9 Mendon\u00e7a, que busca uma vaga para o Supremo Tribunal Federal (STF). Mendon\u00e7a \u00e9 o candidato &#8220;terrivelmente evang\u00e9lico&#8221; indicado pelo presidente Jair Bolsonaro.  Mendon\u00e7a espera ser sabatinado pelos senadores desde julho passado.<\/p>\n\n\n\n<p>A aprova\u00e7\u00e3o de Andr\u00e9 Mendon\u00e7a ainda \u00e9 incerta, mas o Senado n\u00e3o costuma rejeitar nomes indicados pelo Presidente da Rep\u00fablica. Mendon\u00e7a foi indicado por Bolsonaro para a vaga no STF que ficou aberta com a aposentadoria do ministro Marco Aur\u00e9lio Mello.<\/p>\n\n\n\n<p>O ex-ministro da Justi\u00e7a do Governo Bolsonaro precisa de 41 votos para ser aprovado. Nas contas de ministros do governo que acompanham de perto o assunto, a CCJ est\u00e1 dividida com 50% dos votos a favor e 50% contra Mendon\u00e7a.<\/p>\n\n\n\n<figure class=\"wp-block-image size-large\"><img loading=\"lazy\" decoding=\"async\" width=\"739\" height=\"415\" src=\"https:\/\/blogdorogeriogomes.com.br\/wp-content\/uploads\/2021\/11\/images-33.jpeg\" alt=\"\" class=\"wp-image-23526\" srcset=\"https:\/\/blogdorogeriogomes.com.br\/noticias\/wp-content\/uploads\/2021\/11\/images-33.jpeg 739w, https:\/\/blogdorogeriogomes.com.br\/noticias\/wp-content\/uploads\/2021\/11\/images-33-300x168.jpeg 300w\" sizes=\"auto, (max-width: 739px) 100vw, 739px\" \/><\/figure>\n","protected":false},"excerpt":{"rendered":"<p>Sob forte press\u00e3o pol\u00edtica, inclusive do presidente do Senado, Rodrigo Pacheco, o senador Davi Alcolumbre, que preside a Comiss\u00e3o de Constitui\u00e7\u00e3o e Justi\u00e7a do Senado, decidiu marcar para a pr\u00f3xima semana a sabatina com o ex-ministro da Justi\u00e7a, Andr\u00e9 Mendon\u00e7a, que busca uma vaga para o Supremo Tribunal Federal (STF). Mendon\u00e7a \u00e9 o candidato &#8220;terrivelmente evang\u00e9lico&#8221; indicado pelo presidente Jair Bolsonaro. Mendon\u00e7a espera ser sabatinado pelos senadores desde julho passado. A aprova\u00e7\u00e3o de Andr\u00e9 Mendon\u00e7a ainda \u00e9 incerta, mas&hellip;<\/p>\n","protected":false},"author":1,"featured_media":23526,"comment_status":"open","ping_status":"open","sticky":false,"template":"","format":"standard","meta":{"footnotes":""},"categories":[1],"tags":[],"class_list":["post-23525","post","type-post","status-publish","format-standard","has-post-thumbnail","hentry","category-noticias"],"_links":{"self":[{"href":"https:\/\/blogdorogeriogomes.com.br\/noticias\/wp-json\/wp\/v2\/posts\/23525","targetHints":{"allow":["GET"]}}],"collection":[{"href":"https:\/\/blogdorogeriogomes.com.br\/noticias\/wp-json\/wp\/v2\/posts"}],"about":[{"href":"https:\/\/blogdorogeriogomes.com.br\/noticias\/wp-json\/wp\/v2\/types\/post"}],"author":[{"embeddable":true,"href":"https:\/\/blogdorogeriogomes.com.br\/noticias\/wp-json\/wp\/v2\/users\/1"}],"replies":[{"embeddable":true,"href":"https:\/\/blogdorogeriogomes.com.br\/noticias\/wp-json\/wp\/v2\/comments?post=23525"}],"version-history":[{"count":1,"href":"https:\/\/blogdorogeriogomes.com.br\/noticias\/wp-json\/wp\/v2\/posts\/23525\/revisions"}],"predecessor-version":[{"id":23527,"href":"https:\/\/blogdorogeriogomes.com.br\/noticias\/wp-json\/wp\/v2\/posts\/23525\/revisions\/23527"}],"wp:featuredmedia":[{"embeddable":true,"href":"https:\/\/blogdorogeriogomes.com.br\/noticias\/wp-json\/wp\/v2\/media\/23526"}],"wp:attachment":[{"href":"https:\/\/blogdorogeriogomes.com.br\/noticias\/wp-json\/wp\/v2\/media?parent=23525"}],"wp:term":[{"taxonomy":"category","embeddable":true,"href":"https:\/\/blogdorogeriogomes.com.br\/noticias\/wp-json\/wp\/v2\/categories?post=23525"},{"taxonomy":"post_tag","embeddable":true,"href":"https:\/\/blogdorogeriogomes.com.br\/noticias\/wp-json\/wp\/v2\/tags?post=23525"}],"curies":[{"name":"wp","href":"https:\/\/api.w.org\/{rel}","templated":true}]}}