{"id":23532,"date":"2021-11-25T10:54:50","date_gmt":"2021-11-25T10:54:50","guid":{"rendered":"https:\/\/blogdorogeriogomes.com.br\/?p=23532"},"modified":"2021-11-25T11:44:48","modified_gmt":"2021-11-25T11:44:48","slug":"capitais-do-nordeste-recuam-da-ideia-de-realizar-festas-populares-de-reveillon-diante-da-alta-de-casos-de-covid-19-na-europa","status":"publish","type":"post","link":"https:\/\/blogdorogeriogomes.com.br\/noticias\/2021\/11\/capitais-do-nordeste-recuam-da-ideia-de-realizar-festas-populares-de-reveillon-diante-da-alta-de-casos-de-covid-19-na-europa\/","title":{"rendered":"Capitais do Nordeste recuam da ideia de realizar festas populares de R\u00e9veillon diante da alta de casos de Covid-19 na Europa"},"content":{"rendered":"\n<p>Capitais do Nordeste recuaram da ideia de realizar grandes festas de R\u00e9veillon diante do aumento de casos de Covid-19 na Europa.   O baixo \u00edndice de vacina\u00e7\u00e3o em pa\u00edses europeus est\u00e1 fazendo retornar os casos de coronav\u00edrus e o receio \u00e9 que a visita de turistas estrangeiros traga novas infec\u00e7\u00f5es ao Brasil. A tend\u00eancia do poder p\u00fablico em v\u00e1rios estados \u00e9 permitir apenas festas privadas com n\u00famero limitado de pessoas. No Cear\u00e1, a partir de 16 de dezembro, os eventos sociais poder\u00e3o receber cinco mil pessoas em ambientes abertos com a exig\u00eancia do passaporte de vacina\u00e7\u00e3o.<\/p>\n\n\n\n<p>Para evitar a entrada de viajantes contaminados no Pa\u00eds, a Anvisa (Ag\u00eancia Nacional de Vigil\u00e2ncia Sanit\u00e1ria) prop\u00f4s que o Governo Federal cobre o certificado de vacina\u00e7\u00e3o contra a Covid-19 para os turistas nos aeroportos. Mas o presidente Jair Bolsonaro rejeita a ideia. Ele quer a abertura das fronteiras sem a exig\u00eancia do passaporte de vacina\u00e7\u00e3o. Hoje \u00e9 exigido apenas um teste que a pessoa n\u00e3o esteja contaminado com o coronav\u00edrus.<br><\/p>\n\n\n\n<figure class=\"wp-block-image size-large\"><img loading=\"lazy\" decoding=\"async\" width=\"739\" height=\"415\" src=\"https:\/\/blogdorogeriogomes.com.br\/wp-content\/uploads\/2021\/11\/images-36.jpeg\" alt=\"\" class=\"wp-image-23533\" srcset=\"https:\/\/blogdorogeriogomes.com.br\/noticias\/wp-content\/uploads\/2021\/11\/images-36.jpeg 739w, https:\/\/blogdorogeriogomes.com.br\/noticias\/wp-content\/uploads\/2021\/11\/images-36-300x168.jpeg 300w\" sizes=\"auto, (max-width: 739px) 100vw, 739px\" \/><\/figure>\n","protected":false},"excerpt":{"rendered":"<p>Capitais do Nordeste recuaram da ideia de realizar grandes festas de R\u00e9veillon diante do aumento de casos de Covid-19 na Europa. O baixo \u00edndice de vacina\u00e7\u00e3o em pa\u00edses europeus est\u00e1 fazendo retornar os casos de coronav\u00edrus e o receio \u00e9 que a visita de turistas estrangeiros traga novas infec\u00e7\u00f5es ao Brasil. A tend\u00eancia do poder p\u00fablico em v\u00e1rios estados \u00e9 permitir apenas festas privadas com n\u00famero limitado de pessoas. No Cear\u00e1, a partir de 16 de dezembro, os eventos&hellip;<\/p>\n","protected":false},"author":1,"featured_media":23533,"comment_status":"open","ping_status":"open","sticky":false,"template":"","format":"standard","meta":{"footnotes":""},"categories":[1],"tags":[],"class_list":["post-23532","post","type-post","status-publish","format-standard","has-post-thumbnail","hentry","category-noticias"],"_links":{"self":[{"href":"https:\/\/blogdorogeriogomes.com.br\/noticias\/wp-json\/wp\/v2\/posts\/23532","targetHints":{"allow":["GET"]}}],"collection":[{"href":"https:\/\/blogdorogeriogomes.com.br\/noticias\/wp-json\/wp\/v2\/posts"}],"about":[{"href":"https:\/\/blogdorogeriogomes.com.br\/noticias\/wp-json\/wp\/v2\/types\/post"}],"author":[{"embeddable":true,"href":"https:\/\/blogdorogeriogomes.com.br\/noticias\/wp-json\/wp\/v2\/users\/1"}],"replies":[{"embeddable":true,"href":"https:\/\/blogdorogeriogomes.com.br\/noticias\/wp-json\/wp\/v2\/comments?post=23532"}],"version-history":[{"count":1,"href":"https:\/\/blogdorogeriogomes.com.br\/noticias\/wp-json\/wp\/v2\/posts\/23532\/revisions"}],"predecessor-version":[{"id":23534,"href":"https:\/\/blogdorogeriogomes.com.br\/noticias\/wp-json\/wp\/v2\/posts\/23532\/revisions\/23534"}],"wp:featuredmedia":[{"embeddable":true,"href":"https:\/\/blogdorogeriogomes.com.br\/noticias\/wp-json\/wp\/v2\/media\/23533"}],"wp:attachment":[{"href":"https:\/\/blogdorogeriogomes.com.br\/noticias\/wp-json\/wp\/v2\/media?parent=23532"}],"wp:term":[{"taxonomy":"category","embeddable":true,"href":"https:\/\/blogdorogeriogomes.com.br\/noticias\/wp-json\/wp\/v2\/categories?post=23532"},{"taxonomy":"post_tag","embeddable":true,"href":"https:\/\/blogdorogeriogomes.com.br\/noticias\/wp-json\/wp\/v2\/tags?post=23532"}],"curies":[{"name":"wp","href":"https:\/\/api.w.org\/{rel}","templated":true}]}}