{"id":23541,"date":"2021-11-25T14:09:10","date_gmt":"2021-11-25T14:09:10","guid":{"rendered":"https:\/\/blogdorogeriogomes.com.br\/?p=23541"},"modified":"2021-11-26T11:29:21","modified_gmt":"2021-11-26T11:29:21","slug":"grandes-debates-na-assembleia-legislativa-discute-a-importancia-da-consciencia-negra","status":"publish","type":"post","link":"https:\/\/blogdorogeriogomes.com.br\/noticias\/2021\/11\/grandes-debates-na-assembleia-legislativa-discute-a-importancia-da-consciencia-negra\/","title":{"rendered":"Grandes Debates na Assembleia Legislativa discute a import\u00e2ncia da consci\u00eancia negra"},"content":{"rendered":"\n<p>\u201cConsci\u00eancia negra: discrimina\u00e7\u00e3o e desigualdade social\u201d \u00e9 o tema do \u201cGrandes Debates \u2013 Parlamento Protagonista\u201d do m\u00eas de novembro, com a participa\u00e7\u00e3o da advogada e professora de Direito, Mart\u00edr Silva, do presidente nacional da CUFA, Preto Zez\u00e9 e do deputado estadual Acr\u00edsio Sena, do PT, com media\u00e7\u00e3o do jornalista Ruy Lima. O programa ser\u00e1 exibido nesta quinta-feira, dia 25 de novembro, \u00e0s 21 horas, pela TV Assembleia, R\u00e1dio Assembleia e pelas redes sociais da Casa.<\/p>\n\n\n\n<p>O Dia Nacional da Consci\u00eancia Negra homenageia e resgata as ra\u00edzes do povo afro-brasileiro e \u00e9 comemorado no Brasil no dia 20 de novembro, porque coincide com o dia 20 de novembro de 1695, dia da morte de Zumbi dos Palmares, autor da c\u00e9lebre frase: \u201cNascer negro \u00e9 consequ\u00eancia, ser negro \u00e9 consci\u00eancia\u201d. Esta data foi institu\u00edda oficialmente pela Lei n\u00ba 12.519, de 10 de novembro de 2011. Zumbi \u00e9 um s\u00edmbolo da resist\u00eancia negra frente \u00e0 ostensiva coloniza\u00e7\u00e3o e ao legado escravista.<\/p>\n\n\n\n<p>Foi o Movimento Negro Unificado, em um congresso realizado em S\u00e3o Paulo, no ano de 1978, que elegeu a figura de Zumbi como um s\u00edmbolo da luta e resist\u00eancia dos negros escravizados no Brasil, bem como da luta por direitos que os afro-brasileiros reivindicam. O Dia da Consci\u00eancia Negra \u00e9 dedicado \u00e0 reflex\u00e3o sobre a inser\u00e7\u00e3o do negro na sociedade brasileira e sobre a influ\u00eancia do povo africano na forma\u00e7\u00e3o cultural do pa\u00eds. Ao longo da nossa hist\u00f3ria, as cren\u00e7as, as dan\u00e7as, o vocabul\u00e1rio, a culin\u00e1ria e o folclore foram sendo incorporados \u00e0 cultura do pa\u00eds.<\/p>\n\n\n\n<p>Em 2003, foi sancionada a Lei 10.639\/03 que alterou a Lei de Diretrizes e Bases da Educa\u00e7\u00e3o, incluindo no curr\u00edculo oficial da Rede de Ensino a obrigatoriedade da presen\u00e7a da tem\u00e1tica &#8220;Hist\u00f3ria e Cultura Afro-Brasileira e Africana&#8221;. A norma surgiu gra\u00e7as aos anos de lutas dos movimentos sociais, em especial do Movimento Negro, representando uma conquista desses atores sociais. No par\u00e1grafo primeiro, o texto da lei cita que o conte\u00fado program\u00e1tico deve incluir a luta dos negros no Brasil, a cultura negra e forma\u00e7\u00e3o da sociedade nacional &#8220;resgatando a contribui\u00e7\u00e3o do povo negro nas \u00e1reas social, econ\u00f4mica e pol\u00edtica pertinente \u00e0 Hist\u00f3ria do Brasil&#8221;.<\/p>\n\n\n\n<p>Segundo pesquisas do IBGE (ano 2000), os afrodescendentes t\u00eam menos acesso \u00e0 Previd\u00eancia Social e conseq\u00fcentemente menor esperan\u00e7a de sobrevida no pa\u00eds, vivendo em m\u00e9dia 15 anos menos que os brancos. Em todo o pa\u00eds, a expectativa de vida dos negros de ambos os sexos \u00e9 de 67,03 anos. Hoje o programa Bolsa Fam\u00edlia \u00e9 um dos principais respons\u00e1veis pela redu\u00e7\u00e3o nas desigualdades sociais, sendo que 24% das fam\u00edlias chefiadas por afrodescendentes (7,3 milh\u00f5es) est\u00e3o cadastradas no programa do governo federal.<\/p>\n\n\n\n<p>Todos os dias pessoas negras s\u00e3o brutalmente assassinadas no Brasil, segundo o Atlas da Viol\u00eancia. Relat\u00f3rio que evidencia, ainda, um aumento de 11,5% do n\u00famero de pessoas negras assassinadas em 2020. \u00c9 um n\u00famero alarmante, que encabe\u00e7a um grupo de absurdos e desigualdades vividas pelas pessoas negras no Brasil. Entre eles est\u00e3o: desigualdade salarial, onde pessoas negras recebem 56% menos que pessoas brancas que ocupam o mesmo cargo; ocupa\u00e7\u00e3o de trabalhos prec\u00e1rios, chegando a 85% de pessoas negras, em alguns setores; cerca de 73% das pessoas que est\u00e3o abaixo da linha da pobreza s\u00e3o negras; entre outros tantos dados alarmantes que colocam em risco a vida e o futuro de brasileiras negras e brasileiros negros.<\/p>\n\n\n\n<figure class=\"wp-block-image size-large\"><img loading=\"lazy\" decoding=\"async\" width=\"600\" height=\"450\" src=\"https:\/\/blogdorogeriogomes.com.br\/wp-content\/uploads\/2021\/11\/images-37.jpeg\" alt=\"\" class=\"wp-image-23542\" srcset=\"https:\/\/blogdorogeriogomes.com.br\/noticias\/wp-content\/uploads\/2021\/11\/images-37.jpeg 600w, https:\/\/blogdorogeriogomes.com.br\/noticias\/wp-content\/uploads\/2021\/11\/images-37-300x225.jpeg 300w, https:\/\/blogdorogeriogomes.com.br\/noticias\/wp-content\/uploads\/2021\/11\/images-37-400x300.jpeg 400w\" sizes=\"auto, (max-width: 600px) 100vw, 600px\" \/><\/figure>\n\n\n\n<p><\/p>\n\n\n\n<p><\/p>\n\n\n\n<p><\/p>\n","protected":false},"excerpt":{"rendered":"<p>\u201cConsci\u00eancia negra: discrimina\u00e7\u00e3o e desigualdade social\u201d \u00e9 o tema do \u201cGrandes Debates \u2013 Parlamento Protagonista\u201d do m\u00eas de novembro, com a participa\u00e7\u00e3o da advogada e professora de Direito, Mart\u00edr Silva, do presidente nacional da CUFA, Preto Zez\u00e9 e do deputado estadual Acr\u00edsio Sena, do PT, com media\u00e7\u00e3o do jornalista Ruy Lima. O programa ser\u00e1 exibido nesta quinta-feira, dia 25 de novembro, \u00e0s 21 horas, pela TV Assembleia, R\u00e1dio Assembleia e pelas redes sociais da Casa. O Dia Nacional da&hellip;<\/p>\n","protected":false},"author":1,"featured_media":23542,"comment_status":"open","ping_status":"open","sticky":false,"template":"","format":"standard","meta":{"footnotes":""},"categories":[1],"tags":[],"class_list":["post-23541","post","type-post","status-publish","format-standard","has-post-thumbnail","hentry","category-noticias"],"_links":{"self":[{"href":"https:\/\/blogdorogeriogomes.com.br\/noticias\/wp-json\/wp\/v2\/posts\/23541","targetHints":{"allow":["GET"]}}],"collection":[{"href":"https:\/\/blogdorogeriogomes.com.br\/noticias\/wp-json\/wp\/v2\/posts"}],"about":[{"href":"https:\/\/blogdorogeriogomes.com.br\/noticias\/wp-json\/wp\/v2\/types\/post"}],"author":[{"embeddable":true,"href":"https:\/\/blogdorogeriogomes.com.br\/noticias\/wp-json\/wp\/v2\/users\/1"}],"replies":[{"embeddable":true,"href":"https:\/\/blogdorogeriogomes.com.br\/noticias\/wp-json\/wp\/v2\/comments?post=23541"}],"version-history":[{"count":1,"href":"https:\/\/blogdorogeriogomes.com.br\/noticias\/wp-json\/wp\/v2\/posts\/23541\/revisions"}],"predecessor-version":[{"id":23543,"href":"https:\/\/blogdorogeriogomes.com.br\/noticias\/wp-json\/wp\/v2\/posts\/23541\/revisions\/23543"}],"wp:featuredmedia":[{"embeddable":true,"href":"https:\/\/blogdorogeriogomes.com.br\/noticias\/wp-json\/wp\/v2\/media\/23542"}],"wp:attachment":[{"href":"https:\/\/blogdorogeriogomes.com.br\/noticias\/wp-json\/wp\/v2\/media?parent=23541"}],"wp:term":[{"taxonomy":"category","embeddable":true,"href":"https:\/\/blogdorogeriogomes.com.br\/noticias\/wp-json\/wp\/v2\/categories?post=23541"},{"taxonomy":"post_tag","embeddable":true,"href":"https:\/\/blogdorogeriogomes.com.br\/noticias\/wp-json\/wp\/v2\/tags?post=23541"}],"curies":[{"name":"wp","href":"https:\/\/api.w.org\/{rel}","templated":true}]}}