{"id":23544,"date":"2021-11-25T22:09:32","date_gmt":"2021-11-25T22:09:32","guid":{"rendered":"https:\/\/blogdorogeriogomes.com.br\/?p=23544"},"modified":"2021-11-26T11:29:11","modified_gmt":"2021-11-26T11:29:11","slug":"governo-do-ceara-inaugura-hospital-regional-do-vale-do-jaguaribe-que-atendera-a-20-municipios","status":"publish","type":"post","link":"https:\/\/blogdorogeriogomes.com.br\/noticias\/2021\/11\/governo-do-ceara-inaugura-hospital-regional-do-vale-do-jaguaribe-que-atendera-a-20-municipios\/","title":{"rendered":"Governo do Cear\u00e1 inaugura Hospital Regional do Vale do Jaguaribe que atender\u00e1 a 20 munic\u00edpios"},"content":{"rendered":"\n<p>O Governo do Cear\u00e1 inaugurou nesta quinta-feira, dia 25 de novembro, com a presen\u00e7a do governador Camilo Santana e do secret\u00e1rio de sa\u00fade Marcos Gadelha, o Hospital Regional do Vale do Jaguaribe, em Limoeiro do Norte <\/p>\n\n\n\n<p>Com a nova unidade, que atender\u00e1 550 mil cearenses dos 20 munic\u00edpios das regi\u00f5es do Vale do Jaguaribe e Litoral Leste, todas as regi\u00f5es de sa\u00fade do Estado ter\u00e3o uma unidade de alta complexidade de sa\u00fade.<\/p>\n\n\n\n<p>O Hospital Regional do Vale do Jaguaribe se integra \u00e0 Rede da assist\u00eancia da Secretaria da Sa\u00fade do Cear\u00e1 (Sesa), que j\u00e1 conta com unidades de alta complexidade nas Regi\u00f5es do Cariri, Norte, Sert\u00e3o Central e Fortaleza (HGF), Albert Sabin, C\u00e9sar Cals, Waldemar de Alc\u00e2ntara, S\u00e3o Jos\u00e9 e Messejana).<\/p>\n\n\n\n<figure class=\"wp-block-image size-large\"><img loading=\"lazy\" decoding=\"async\" width=\"1024\" height=\"576\" src=\"https:\/\/blogdorogeriogomes.com.br\/wp-content\/uploads\/2021\/11\/IMG-20211125-WA0185-1024x576.jpg\" alt=\"\" class=\"wp-image-23545\" srcset=\"https:\/\/blogdorogeriogomes.com.br\/noticias\/wp-content\/uploads\/2021\/11\/IMG-20211125-WA0185-1024x576.jpg 1024w, https:\/\/blogdorogeriogomes.com.br\/noticias\/wp-content\/uploads\/2021\/11\/IMG-20211125-WA0185-300x169.jpg 300w, https:\/\/blogdorogeriogomes.com.br\/noticias\/wp-content\/uploads\/2021\/11\/IMG-20211125-WA0185-768x432.jpg 768w, https:\/\/blogdorogeriogomes.com.br\/noticias\/wp-content\/uploads\/2021\/11\/IMG-20211125-WA0185-1536x864.jpg 1536w, https:\/\/blogdorogeriogomes.com.br\/noticias\/wp-content\/uploads\/2021\/11\/IMG-20211125-WA0185-800x450.jpg 800w, https:\/\/blogdorogeriogomes.com.br\/noticias\/wp-content\/uploads\/2021\/11\/IMG-20211125-WA0185.jpg 1600w\" sizes=\"auto, (max-width: 1024px) 100vw, 1024px\" \/><\/figure>\n\n\n\n<p><\/p>\n","protected":false},"excerpt":{"rendered":"<p>O Governo do Cear\u00e1 inaugurou nesta quinta-feira, dia 25 de novembro, com a presen\u00e7a do governador Camilo Santana e do secret\u00e1rio de sa\u00fade Marcos Gadelha, o Hospital Regional do Vale do Jaguaribe, em Limoeiro do Norte Com a nova unidade, que atender\u00e1 550 mil cearenses dos 20 munic\u00edpios das regi\u00f5es do Vale do Jaguaribe e Litoral Leste, todas as regi\u00f5es de sa\u00fade do Estado ter\u00e3o uma unidade de alta complexidade de sa\u00fade. O Hospital Regional do Vale do Jaguaribe&hellip;<\/p>\n","protected":false},"author":1,"featured_media":23545,"comment_status":"open","ping_status":"open","sticky":false,"template":"","format":"standard","meta":{"footnotes":""},"categories":[1],"tags":[],"class_list":["post-23544","post","type-post","status-publish","format-standard","has-post-thumbnail","hentry","category-noticias"],"_links":{"self":[{"href":"https:\/\/blogdorogeriogomes.com.br\/noticias\/wp-json\/wp\/v2\/posts\/23544","targetHints":{"allow":["GET"]}}],"collection":[{"href":"https:\/\/blogdorogeriogomes.com.br\/noticias\/wp-json\/wp\/v2\/posts"}],"about":[{"href":"https:\/\/blogdorogeriogomes.com.br\/noticias\/wp-json\/wp\/v2\/types\/post"}],"author":[{"embeddable":true,"href":"https:\/\/blogdorogeriogomes.com.br\/noticias\/wp-json\/wp\/v2\/users\/1"}],"replies":[{"embeddable":true,"href":"https:\/\/blogdorogeriogomes.com.br\/noticias\/wp-json\/wp\/v2\/comments?post=23544"}],"version-history":[{"count":1,"href":"https:\/\/blogdorogeriogomes.com.br\/noticias\/wp-json\/wp\/v2\/posts\/23544\/revisions"}],"predecessor-version":[{"id":23546,"href":"https:\/\/blogdorogeriogomes.com.br\/noticias\/wp-json\/wp\/v2\/posts\/23544\/revisions\/23546"}],"wp:featuredmedia":[{"embeddable":true,"href":"https:\/\/blogdorogeriogomes.com.br\/noticias\/wp-json\/wp\/v2\/media\/23545"}],"wp:attachment":[{"href":"https:\/\/blogdorogeriogomes.com.br\/noticias\/wp-json\/wp\/v2\/media?parent=23544"}],"wp:term":[{"taxonomy":"category","embeddable":true,"href":"https:\/\/blogdorogeriogomes.com.br\/noticias\/wp-json\/wp\/v2\/categories?post=23544"},{"taxonomy":"post_tag","embeddable":true,"href":"https:\/\/blogdorogeriogomes.com.br\/noticias\/wp-json\/wp\/v2\/tags?post=23544"}],"curies":[{"name":"wp","href":"https:\/\/api.w.org\/{rel}","templated":true}]}}