{"id":23550,"date":"2021-11-26T11:04:35","date_gmt":"2021-11-26T11:04:35","guid":{"rendered":"https:\/\/blogdorogeriogomes.com.br\/?p=23550"},"modified":"2021-11-26T11:28:57","modified_gmt":"2021-11-26T11:28:57","slug":"senadores-governistas-pressionam-planalto-por-verbas-para-votar-a-pec-dos-precatorios-aprovacao-esta-sob-ameaca","status":"publish","type":"post","link":"https:\/\/blogdorogeriogomes.com.br\/noticias\/2021\/11\/senadores-governistas-pressionam-planalto-por-verbas-para-votar-a-pec-dos-precatorios-aprovacao-esta-sob-ameaca\/","title":{"rendered":"Senadores governistas pressionam Planalto por verbas para votar a PEC dos Precat\u00f3rios. Aprova\u00e7\u00e3o est\u00e1 sob amea\u00e7a"},"content":{"rendered":"\n<p>A PEC dos Precat\u00f3rios passou na C\u00e2mara dos Deputados, mas precisa ainda ser aprovada no Senado. A expectativa \u00e9 que a pauta v\u00e1 a vota\u00e7\u00e3o na pr\u00f3xima semana. Senadores da base governista est\u00e3o pressionando o Pal\u00e1cio do Planalto por cargos e pela libera\u00e7\u00e3o imediata de emendas para votar na PEC. O Governo Bolsonaro, no entanto, est\u00e1 com dificuldade para atender as demandas.<\/p>\n\n\n\n<p>A PEC limita o valor de despesas anuais com precat\u00f3rios, corrige seus valores exclusivamente pela Taxa Selic e muda a forma de calcular o teto de gastos, de olho em viabilizar o Aux\u00edlio Brasil em 2022, depois de o Governo Bolsonaro acabar com o Bolsa Fam\u00edlia.<\/p>\n\n\n\n<p>A c\u00fapula do Governo Bolsonaro reconhece dificuldades de aprovar a PEC dos Precat\u00f3rios no Senado. Apesar das negocia\u00e7\u00f5es, hoje ainda n\u00e3o h\u00e1 votos para a aprova\u00e7\u00e3o da medida.&nbsp;<\/p>\n\n\n\n<p>Enquanto isso, os presidentes da C\u00e2mara Federal, Arthur Lira, e do Senado, Rodrigo Pacheco, apresentaram uma peti\u00e7\u00e3o ao STF solicitando a revoga\u00e7\u00e3o de trechos da decis\u00e3o da Suprema Corte, ocorrida h\u00e1 cerca de duas semanas, na qual suspende o pagamento de emendas a parlamentares e imp\u00f5e transpar\u00eancia ao or\u00e7amento secreto.<\/p>\n\n\n\n<p>Senado e C\u00e2mara fazem ato para dar transpar\u00eancia na destina\u00e7\u00e3o das emendas, mas n\u00e3o mostram disposi\u00e7\u00e3o em mostrar quais senadores e deputados federais foram beneficiados com recursos do chamado or\u00e7amento secreto. <\/p>\n\n\n\n<figure class=\"wp-block-image size-large\"><img loading=\"lazy\" decoding=\"async\" width=\"540\" height=\"304\" src=\"https:\/\/blogdorogeriogomes.com.br\/wp-content\/uploads\/2021\/11\/img20210315121905088.jpg\" alt=\"\" class=\"wp-image-23551\" srcset=\"https:\/\/blogdorogeriogomes.com.br\/noticias\/wp-content\/uploads\/2021\/11\/img20210315121905088.jpg 540w, https:\/\/blogdorogeriogomes.com.br\/noticias\/wp-content\/uploads\/2021\/11\/img20210315121905088-300x169.jpg 300w\" sizes=\"auto, (max-width: 540px) 100vw, 540px\" \/><\/figure>\n","protected":false},"excerpt":{"rendered":"<p>A PEC dos Precat\u00f3rios passou na C\u00e2mara dos Deputados, mas precisa ainda ser aprovada no Senado. A expectativa \u00e9 que a pauta v\u00e1 a vota\u00e7\u00e3o na pr\u00f3xima semana. Senadores da base governista est\u00e3o pressionando o Pal\u00e1cio do Planalto por cargos e pela libera\u00e7\u00e3o imediata de emendas para votar na PEC. O Governo Bolsonaro, no entanto, est\u00e1 com dificuldade para atender as demandas. A PEC limita o valor de despesas anuais com precat\u00f3rios, corrige seus valores exclusivamente pela Taxa Selic&hellip;<\/p>\n","protected":false},"author":1,"featured_media":23551,"comment_status":"open","ping_status":"open","sticky":false,"template":"","format":"standard","meta":{"footnotes":""},"categories":[1],"tags":[],"class_list":["post-23550","post","type-post","status-publish","format-standard","has-post-thumbnail","hentry","category-noticias"],"_links":{"self":[{"href":"https:\/\/blogdorogeriogomes.com.br\/noticias\/wp-json\/wp\/v2\/posts\/23550","targetHints":{"allow":["GET"]}}],"collection":[{"href":"https:\/\/blogdorogeriogomes.com.br\/noticias\/wp-json\/wp\/v2\/posts"}],"about":[{"href":"https:\/\/blogdorogeriogomes.com.br\/noticias\/wp-json\/wp\/v2\/types\/post"}],"author":[{"embeddable":true,"href":"https:\/\/blogdorogeriogomes.com.br\/noticias\/wp-json\/wp\/v2\/users\/1"}],"replies":[{"embeddable":true,"href":"https:\/\/blogdorogeriogomes.com.br\/noticias\/wp-json\/wp\/v2\/comments?post=23550"}],"version-history":[{"count":2,"href":"https:\/\/blogdorogeriogomes.com.br\/noticias\/wp-json\/wp\/v2\/posts\/23550\/revisions"}],"predecessor-version":[{"id":23553,"href":"https:\/\/blogdorogeriogomes.com.br\/noticias\/wp-json\/wp\/v2\/posts\/23550\/revisions\/23553"}],"wp:featuredmedia":[{"embeddable":true,"href":"https:\/\/blogdorogeriogomes.com.br\/noticias\/wp-json\/wp\/v2\/media\/23551"}],"wp:attachment":[{"href":"https:\/\/blogdorogeriogomes.com.br\/noticias\/wp-json\/wp\/v2\/media?parent=23550"}],"wp:term":[{"taxonomy":"category","embeddable":true,"href":"https:\/\/blogdorogeriogomes.com.br\/noticias\/wp-json\/wp\/v2\/categories?post=23550"},{"taxonomy":"post_tag","embeddable":true,"href":"https:\/\/blogdorogeriogomes.com.br\/noticias\/wp-json\/wp\/v2\/tags?post=23550"}],"curies":[{"name":"wp","href":"https:\/\/api.w.org\/{rel}","templated":true}]}}