{"id":23560,"date":"2021-11-29T10:59:29","date_gmt":"2021-11-29T10:59:29","guid":{"rendered":"https:\/\/blogdorogeriogomes.com.br\/?p=23560"},"modified":"2021-11-29T11:47:17","modified_gmt":"2021-11-29T11:47:17","slug":"joao-doria-sera-o-candidato-do-psdb-e-vai-buscar-aliancas-para-viabilizar-terceira-via","status":"publish","type":"post","link":"https:\/\/blogdorogeriogomes.com.br\/noticias\/2021\/11\/joao-doria-sera-o-candidato-do-psdb-e-vai-buscar-aliancas-para-viabilizar-terceira-via\/","title":{"rendered":"Jo\u00e3o D\u00f3ria ser\u00e1 o candidato do PSDB e vai buscar alian\u00e7as para viabilizar terceira via"},"content":{"rendered":"\n<p>Depois de vencer o governador do Rio Grande do Sul, Eduardo Leite, nas pr\u00e9vias do PSDB, o atual governador de S\u00e3o Paulo, Jo\u00e3o D\u00f3ria, ser\u00e1 o candidato do partido \u00e0 Presid\u00eancia da Rep\u00fablica em 2022. E diz que vai buscar alian\u00e7as para tentar viabilizar a terceira via contra Lula e Bolsonaro, que est\u00e3o \u00e0 frente nas pesquisas eleitorais. Doria diz estar disposto a conversar com o ex-juiz Sergio Moro (Podemos) e com Ciro Gomes (PDT). <\/p>\n\n\n\n<p>Por outro lado, cresce a expectativa de qual destino vai tomar o ex-governador de S\u00e3o Paulo, Geraldo Alckmin, que deve deixar o PSDB. Alckmin tem sido cogitado para ser o candidato a vice na chapa de Lula (PT). Nesta hip\u00f3tese, Alckmin pode ter como destino o PSB.<\/p>\n\n\n\n<figure class=\"wp-block-image size-large\"><img loading=\"lazy\" decoding=\"async\" width=\"715\" height=\"429\" src=\"https:\/\/blogdorogeriogomes.com.br\/wp-content\/uploads\/2021\/11\/images-41.jpeg\" alt=\"\" class=\"wp-image-23561\" srcset=\"https:\/\/blogdorogeriogomes.com.br\/noticias\/wp-content\/uploads\/2021\/11\/images-41.jpeg 715w, https:\/\/blogdorogeriogomes.com.br\/noticias\/wp-content\/uploads\/2021\/11\/images-41-300x180.jpeg 300w\" sizes=\"auto, (max-width: 715px) 100vw, 715px\" \/><\/figure>\n","protected":false},"excerpt":{"rendered":"<p>Depois de vencer o governador do Rio Grande do Sul, Eduardo Leite, nas pr\u00e9vias do PSDB, o atual governador de S\u00e3o Paulo, Jo\u00e3o D\u00f3ria, ser\u00e1 o candidato do partido \u00e0 Presid\u00eancia da Rep\u00fablica em 2022. E diz que vai buscar alian\u00e7as para tentar viabilizar a terceira via contra Lula e Bolsonaro, que est\u00e3o \u00e0 frente nas pesquisas eleitorais. Doria diz estar disposto a conversar com o ex-juiz Sergio Moro (Podemos) e com Ciro Gomes (PDT). Por outro lado, cresce&hellip;<\/p>\n","protected":false},"author":1,"featured_media":23561,"comment_status":"open","ping_status":"open","sticky":false,"template":"","format":"standard","meta":{"footnotes":""},"categories":[1],"tags":[],"class_list":["post-23560","post","type-post","status-publish","format-standard","has-post-thumbnail","hentry","category-noticias"],"_links":{"self":[{"href":"https:\/\/blogdorogeriogomes.com.br\/noticias\/wp-json\/wp\/v2\/posts\/23560","targetHints":{"allow":["GET"]}}],"collection":[{"href":"https:\/\/blogdorogeriogomes.com.br\/noticias\/wp-json\/wp\/v2\/posts"}],"about":[{"href":"https:\/\/blogdorogeriogomes.com.br\/noticias\/wp-json\/wp\/v2\/types\/post"}],"author":[{"embeddable":true,"href":"https:\/\/blogdorogeriogomes.com.br\/noticias\/wp-json\/wp\/v2\/users\/1"}],"replies":[{"embeddable":true,"href":"https:\/\/blogdorogeriogomes.com.br\/noticias\/wp-json\/wp\/v2\/comments?post=23560"}],"version-history":[{"count":1,"href":"https:\/\/blogdorogeriogomes.com.br\/noticias\/wp-json\/wp\/v2\/posts\/23560\/revisions"}],"predecessor-version":[{"id":23562,"href":"https:\/\/blogdorogeriogomes.com.br\/noticias\/wp-json\/wp\/v2\/posts\/23560\/revisions\/23562"}],"wp:featuredmedia":[{"embeddable":true,"href":"https:\/\/blogdorogeriogomes.com.br\/noticias\/wp-json\/wp\/v2\/media\/23561"}],"wp:attachment":[{"href":"https:\/\/blogdorogeriogomes.com.br\/noticias\/wp-json\/wp\/v2\/media?parent=23560"}],"wp:term":[{"taxonomy":"category","embeddable":true,"href":"https:\/\/blogdorogeriogomes.com.br\/noticias\/wp-json\/wp\/v2\/categories?post=23560"},{"taxonomy":"post_tag","embeddable":true,"href":"https:\/\/blogdorogeriogomes.com.br\/noticias\/wp-json\/wp\/v2\/tags?post=23560"}],"curies":[{"name":"wp","href":"https:\/\/api.w.org\/{rel}","templated":true}]}}