{"id":23563,"date":"2021-11-29T11:23:45","date_gmt":"2021-11-29T11:23:45","guid":{"rendered":"https:\/\/blogdorogeriogomes.com.br\/?p=23563"},"modified":"2021-11-29T11:47:07","modified_gmt":"2021-11-29T11:47:07","slug":"jose-sarto-confirma-que-nao-havera-reveillon-no-aterro-de-iracema-e-que-vai-reforcar-exigencia-no-passaporte-de-vacinacao","status":"publish","type":"post","link":"https:\/\/blogdorogeriogomes.com.br\/noticias\/2021\/11\/jose-sarto-confirma-que-nao-havera-reveillon-no-aterro-de-iracema-e-que-vai-reforcar-exigencia-no-passaporte-de-vacinacao\/","title":{"rendered":"Jos\u00e9 Sarto confirma que n\u00e3o haver\u00e1 R\u00e9veillon no Aterro de Iracema e que vai refor\u00e7ar exig\u00eancia no passaporte de vacina\u00e7\u00e3o"},"content":{"rendered":"\n<p>O prefeito de Fortaleza, Jos\u00e9 Sarto, confirmou que n\u00e3o haver\u00e1 festa de R\u00e9veillon no Aterro da Praia de Iracema, ap\u00f3s determina\u00e7\u00e3o do Decreto Estadual que pro\u00edbe eventos com grandes concentra\u00e7\u00f5es populares na virada do ano. &#8220;Embora a vacina\u00e7\u00e3o contra a Covid-19 v\u00e1 bem e os n\u00fameros de interna\u00e7\u00f5es e \u00f3bitos sigam est\u00e1veis em n\u00edveis baixos, n\u00e3o podemos relaxar, sob pena de colocarmos todo o trabalho feito at\u00e9 aqui a perder. O cen\u00e1rio internacional \u00e9 preocupante e estamos em alerta&#8221;, afirmou o prefeito de Fortaleza.<\/p>\n\n\n\n<p>Sarto tamb\u00e9m promete refor\u00e7ar a cobran\u00e7a do passaporte de vacina\u00e7\u00e3o na Capital. Ele vai enviar um projeto \u00e0 C\u00e2mara Municipal de Fortaleza estabelecendo a obrigatoriedade do passaporte de vacina para ter acesso a \u00f3rg\u00e3os p\u00fablicos municipais. &#8220;A exig\u00eancia de comprovante de vacina\u00e7\u00e3o contra a Covid-19 tem dado bons resultados em Fortaleza, estimulando muita gente a buscar nossas unidades de sa\u00fade para tomar a vacina&#8221;, disse o prefeito da Capital.<\/p>\n\n\n\n<figure class=\"wp-block-image size-large\"><img loading=\"lazy\" decoding=\"async\" width=\"636\" height=\"482\" src=\"https:\/\/blogdorogeriogomes.com.br\/wp-content\/uploads\/2021\/11\/images-42.jpeg\" alt=\"\" class=\"wp-image-23564\" srcset=\"https:\/\/blogdorogeriogomes.com.br\/noticias\/wp-content\/uploads\/2021\/11\/images-42.jpeg 636w, https:\/\/blogdorogeriogomes.com.br\/noticias\/wp-content\/uploads\/2021\/11\/images-42-300x227.jpeg 300w\" sizes=\"auto, (max-width: 636px) 100vw, 636px\" \/><\/figure>\n","protected":false},"excerpt":{"rendered":"<p>O prefeito de Fortaleza, Jos\u00e9 Sarto, confirmou que n\u00e3o haver\u00e1 festa de R\u00e9veillon no Aterro da Praia de Iracema, ap\u00f3s determina\u00e7\u00e3o do Decreto Estadual que pro\u00edbe eventos com grandes concentra\u00e7\u00f5es populares na virada do ano. &#8220;Embora a vacina\u00e7\u00e3o contra a Covid-19 v\u00e1 bem e os n\u00fameros de interna\u00e7\u00f5es e \u00f3bitos sigam est\u00e1veis em n\u00edveis baixos, n\u00e3o podemos relaxar, sob pena de colocarmos todo o trabalho feito at\u00e9 aqui a perder. O cen\u00e1rio internacional \u00e9 preocupante e estamos em alerta&#8221;,&hellip;<\/p>\n","protected":false},"author":1,"featured_media":23564,"comment_status":"open","ping_status":"open","sticky":false,"template":"","format":"standard","meta":{"footnotes":""},"categories":[1],"tags":[],"class_list":["post-23563","post","type-post","status-publish","format-standard","has-post-thumbnail","hentry","category-noticias"],"_links":{"self":[{"href":"https:\/\/blogdorogeriogomes.com.br\/noticias\/wp-json\/wp\/v2\/posts\/23563","targetHints":{"allow":["GET"]}}],"collection":[{"href":"https:\/\/blogdorogeriogomes.com.br\/noticias\/wp-json\/wp\/v2\/posts"}],"about":[{"href":"https:\/\/blogdorogeriogomes.com.br\/noticias\/wp-json\/wp\/v2\/types\/post"}],"author":[{"embeddable":true,"href":"https:\/\/blogdorogeriogomes.com.br\/noticias\/wp-json\/wp\/v2\/users\/1"}],"replies":[{"embeddable":true,"href":"https:\/\/blogdorogeriogomes.com.br\/noticias\/wp-json\/wp\/v2\/comments?post=23563"}],"version-history":[{"count":1,"href":"https:\/\/blogdorogeriogomes.com.br\/noticias\/wp-json\/wp\/v2\/posts\/23563\/revisions"}],"predecessor-version":[{"id":23565,"href":"https:\/\/blogdorogeriogomes.com.br\/noticias\/wp-json\/wp\/v2\/posts\/23563\/revisions\/23565"}],"wp:featuredmedia":[{"embeddable":true,"href":"https:\/\/blogdorogeriogomes.com.br\/noticias\/wp-json\/wp\/v2\/media\/23564"}],"wp:attachment":[{"href":"https:\/\/blogdorogeriogomes.com.br\/noticias\/wp-json\/wp\/v2\/media?parent=23563"}],"wp:term":[{"taxonomy":"category","embeddable":true,"href":"https:\/\/blogdorogeriogomes.com.br\/noticias\/wp-json\/wp\/v2\/categories?post=23563"},{"taxonomy":"post_tag","embeddable":true,"href":"https:\/\/blogdorogeriogomes.com.br\/noticias\/wp-json\/wp\/v2\/tags?post=23563"}],"curies":[{"name":"wp","href":"https:\/\/api.w.org\/{rel}","templated":true}]}}