{"id":23603,"date":"2021-11-30T23:02:19","date_gmt":"2021-11-30T23:02:19","guid":{"rendered":"https:\/\/blogdorogeriogomes.com.br\/?p=23603"},"modified":"2021-12-02T18:52:50","modified_gmt":"2021-12-02T18:52:50","slug":"senador-cid-gomes-denuncia-discriminacao-do-governo-bolsonaro-com-estados-que-tem-governadores-de-oposicao","status":"publish","type":"post","link":"https:\/\/blogdorogeriogomes.com.br\/noticias\/2021\/11\/senador-cid-gomes-denuncia-discriminacao-do-governo-bolsonaro-com-estados-que-tem-governadores-de-oposicao\/","title":{"rendered":"Senador Cid Gomes denuncia discrimina\u00e7\u00e3o do Governo Bolsonaro com estados que t\u00eam governadores de oposi\u00e7\u00e3o"},"content":{"rendered":"\n<p>O senador cearense Cid Gomes (PDT) pediu provid\u00eancias, durante sess\u00e3o do Senado Federal desta ter\u00e7a-feira, dia 30 de novembro, contra discrimina\u00e7\u00e3o do Governo Federal em rela\u00e7\u00e3o a estados brasileiros que s\u00e3o governados por partidos de oposi\u00e7\u00e3o. Ele citou o caso do Cear\u00e1, que tem dois projetos com pedidos de financiamento internacional parados na Casa Civil, sem que sejam enviados para a aprecia\u00e7\u00e3o do Senado Federal, como determina a legisla\u00e7\u00e3o.<\/p>\n\n\n\n<p>\u201cJ\u00e1 est\u00e3o na Casa Civil dois projetos do Cear\u00e1 e simplesmente porque o governador \u00e9 de um partido de oposi\u00e7\u00e3o ao Governo Federal esses of\u00edcios n\u00e3o s\u00e3o encaminhados para serem apreciados pelo Senado. Trata-se de uma discrimina\u00e7\u00e3o e penso que esta casa e a Comiss\u00e3o de Assuntos Econ\u00f4micos devem tomar posi\u00e7\u00e3o em rela\u00e7\u00e3o a isso\u201d, defendeu Cid.<\/p>\n\n\n\n<p>O senador lembrou que o Cear\u00e1 \u00e9 um dos poucos estados brasileiros que t\u00eam situa\u00e7\u00e3o fiscal e pontua\u00e7\u00e3o que permitem pleitear financiamentos internacionais, al\u00e9m de possuir longa rela\u00e7\u00e3o com institui\u00e7\u00f5es internacionais como o Banco Interamericano e o Banco Mundial. Segundo ele, portanto, n\u00e3o tem sentido que o Estado seja prejudicado por discrimina\u00e7\u00e3o pol\u00edtica.<\/p>\n\n\n\n<p>\u201cEstou na vida p\u00fablica h\u00e1 mais de 25 anos e j\u00e1 tive oportunidade de ser situa\u00e7\u00e3o e oposi\u00e7\u00e3o ao governo federal e a governos estaduais e nunca vi tal discrimina\u00e7\u00e3o acontecer em governos anteriores. Gostaria de apelar ao presidente do Senado e ao presidente da CAE que demandem a Casa Civil para que o Senado analise os pedidos de financiamentos para o estado do Cear\u00e1&#8221;, disse Cid Gomes.<\/p>\n\n\n\n<p>O presidente do Senado, Rodrigo Pacheco (PSD-MG) disse que tomar\u00e1 provid\u00eancias para que o Governo envie essas mensagens para a aprecia\u00e7\u00e3o dos senadores. Pacheco lembrou que o Senado tem sido colaborativo com as pautas de interesse do Governo e espera reciprocidade a todos os estados, \u201cindependente de quem sejam os governadores e a qual partido perten\u00e7am\u201d.<\/p>\n\n\n\n<figure class=\"wp-block-image size-large\"><img loading=\"lazy\" decoding=\"async\" width=\"599\" height=\"404\" src=\"https:\/\/blogdorogeriogomes.com.br\/wp-content\/uploads\/2021\/11\/IMG-20211130-WA0177.jpg\" alt=\"\" class=\"wp-image-23604\" srcset=\"https:\/\/blogdorogeriogomes.com.br\/noticias\/wp-content\/uploads\/2021\/11\/IMG-20211130-WA0177.jpg 599w, https:\/\/blogdorogeriogomes.com.br\/noticias\/wp-content\/uploads\/2021\/11\/IMG-20211130-WA0177-300x202.jpg 300w\" sizes=\"auto, (max-width: 599px) 100vw, 599px\" \/><\/figure>\n","protected":false},"excerpt":{"rendered":"<p>O senador cearense Cid Gomes (PDT) pediu provid\u00eancias, durante sess\u00e3o do Senado Federal desta ter\u00e7a-feira, dia 30 de novembro, contra discrimina\u00e7\u00e3o do Governo Federal em rela\u00e7\u00e3o a estados brasileiros que s\u00e3o governados por partidos de oposi\u00e7\u00e3o. Ele citou o caso do Cear\u00e1, que tem dois projetos com pedidos de financiamento internacional parados na Casa Civil, sem que sejam enviados para a aprecia\u00e7\u00e3o do Senado Federal, como determina a legisla\u00e7\u00e3o. \u201cJ\u00e1 est\u00e3o na Casa Civil dois projetos do Cear\u00e1 e&hellip;<\/p>\n","protected":false},"author":1,"featured_media":23604,"comment_status":"open","ping_status":"open","sticky":false,"template":"","format":"standard","meta":{"footnotes":""},"categories":[1],"tags":[],"class_list":["post-23603","post","type-post","status-publish","format-standard","has-post-thumbnail","hentry","category-noticias"],"_links":{"self":[{"href":"https:\/\/blogdorogeriogomes.com.br\/noticias\/wp-json\/wp\/v2\/posts\/23603","targetHints":{"allow":["GET"]}}],"collection":[{"href":"https:\/\/blogdorogeriogomes.com.br\/noticias\/wp-json\/wp\/v2\/posts"}],"about":[{"href":"https:\/\/blogdorogeriogomes.com.br\/noticias\/wp-json\/wp\/v2\/types\/post"}],"author":[{"embeddable":true,"href":"https:\/\/blogdorogeriogomes.com.br\/noticias\/wp-json\/wp\/v2\/users\/1"}],"replies":[{"embeddable":true,"href":"https:\/\/blogdorogeriogomes.com.br\/noticias\/wp-json\/wp\/v2\/comments?post=23603"}],"version-history":[{"count":1,"href":"https:\/\/blogdorogeriogomes.com.br\/noticias\/wp-json\/wp\/v2\/posts\/23603\/revisions"}],"predecessor-version":[{"id":23605,"href":"https:\/\/blogdorogeriogomes.com.br\/noticias\/wp-json\/wp\/v2\/posts\/23603\/revisions\/23605"}],"wp:featuredmedia":[{"embeddable":true,"href":"https:\/\/blogdorogeriogomes.com.br\/noticias\/wp-json\/wp\/v2\/media\/23604"}],"wp:attachment":[{"href":"https:\/\/blogdorogeriogomes.com.br\/noticias\/wp-json\/wp\/v2\/media?parent=23603"}],"wp:term":[{"taxonomy":"category","embeddable":true,"href":"https:\/\/blogdorogeriogomes.com.br\/noticias\/wp-json\/wp\/v2\/categories?post=23603"},{"taxonomy":"post_tag","embeddable":true,"href":"https:\/\/blogdorogeriogomes.com.br\/noticias\/wp-json\/wp\/v2\/tags?post=23603"}],"curies":[{"name":"wp","href":"https:\/\/api.w.org\/{rel}","templated":true}]}}